{"id":20923,"date":"2017-05-08T14:06:24","date_gmt":"2017-05-08T14:06:24","guid":{"rendered":"http:\/\/www.cameraitalianabarcelona.com\/2017\/05\/evo-sit-stand-el-producto-mas-ergonomico-y-revolucionario-de-estel\/"},"modified":"2017-05-08T15:59:09","modified_gmt":"2017-05-08T15:59:09","slug":"evo-sit-stand-el-producto-mas-ergonomico-y-revolucionario-de-estel","status":"publish","type":"post","link":"https:\/\/www.cameraitalianabarcelona.com\/it\/2017\/05\/evo-sit-stand-el-producto-mas-ergonomico-y-revolucionario-de-estel\/","title":{"rendered":"EVO Sit &#038; Stand, il prodotto pi\u00fa ergonomico e rivoluzionario di Estel"},"content":{"rendered":"<p style=\"text-align: justify;\"><span style=\"color: #000000;\"><a style=\"color: #000000;\" href=\"http:\/\/www.cameraitalianabarcelona.com\/wp-content\/uploads\/2017\/05\/Operativa_Cartesio_Evo_SitStand-copia-1.jpg\"><br \/>\n<\/a><a style=\"color: #000000;\" href=\"http:\/\/www.cameraitalianabarcelona.com\/wp-content\/uploads\/2017\/05\/Operativa_Cartesio_Evo_SitStand-copia-1.jpg\"><img loading=\"lazy\" decoding=\"async\" class=\"aligncenter size-full wp-image-20908\" src=\"http:\/\/www.cameraitalianabarcelona.com\/wp-content\/uploads\/2017\/05\/Operativa_Cartesio_Evo_SitStand-copia-1.jpg\" alt=\"\" width=\"351\" height=\"248\" srcset=\"https:\/\/www.cameraitalianabarcelona.com\/wp-content\/uploads\/2017\/05\/Operativa_Cartesio_Evo_SitStand-copia-1.jpg 351w, https:\/\/www.cameraitalianabarcelona.com\/wp-content\/uploads\/2017\/05\/Operativa_Cartesio_Evo_SitStand-copia-1-300x212.jpg 300w, https:\/\/www.cameraitalianabarcelona.com\/wp-content\/uploads\/2017\/05\/Operativa_Cartesio_Evo_SitStand-copia-1-330x233.jpg 330w\" sizes=\"auto, (max-width: 351px) 100vw, 351px\" \/><\/a><\/span><\/p>\n<p style=\"text-align: justify;\"><span style=\"color: #000000;\">Il sistema <strong>EVO<\/strong> permette di alzare e abbassare il piano di lavoro con un semplice movimento, attivato da un meccanismo motorizzato che controlla l&#8217;elevazione sincronica delle colonne di supporto. Premendo semplicemente un bottone, il tavolo <strong>EVO<\/strong> dal livello \u201cstare in piedi\u201d impostato a 110 cm passa al livello \u201cstare seduto\u201d, ad un&#8217;altezza di 70 cm.\u00a0Si tratta di un sistema che risponde a indicazioni ergonomiche, secondo le quali al&#8217;alternanza delle due posture \u2013 stare seduti e in posizione eretta \u2013 risulta essere la migliore soluzione per il lavoro d&#8217;ufficio, favorendo l&#8217;attenzione, la concentrazione e il benessere.<\/span><\/p>\n<p style=\"text-align: justify;\"><span style=\"color: #000000;\"><a style=\"color: #000000;\" href=\"http:\/\/www.cameraitalianabarcelona.com\/wp-content\/uploads\/2017\/05\/07_Estel_Task_Evo_Sit_Stand-1.jpg\"><img loading=\"lazy\" decoding=\"async\" class=\"aligncenter size-full wp-image-20911\" src=\"http:\/\/www.cameraitalianabarcelona.com\/wp-content\/uploads\/2017\/05\/07_Estel_Task_Evo_Sit_Stand-1.jpg\" alt=\"\" width=\"260\" height=\"320\" srcset=\"https:\/\/www.cameraitalianabarcelona.com\/wp-content\/uploads\/2017\/05\/07_Estel_Task_Evo_Sit_Stand-1.jpg 260w, https:\/\/www.cameraitalianabarcelona.com\/wp-content\/uploads\/2017\/05\/07_Estel_Task_Evo_Sit_Stand-1-244x300.jpg 244w, https:\/\/www.cameraitalianabarcelona.com\/wp-content\/uploads\/2017\/05\/07_Estel_Task_Evo_Sit_Stand-1-211x260.jpg 211w\" sizes=\"auto, (max-width: 260px) 100vw, 260px\" \/><\/a><\/span><\/p>\n<p align=\"JUSTIFY\"><span style=\"color: #000000;\">Il <strong>Professor Francesco Marcolin<\/strong>, docente di Ergonomia presso l&#8217;<strong>Universitr\u00e1 di Trieste e Udine<\/strong>, afferma che \u201cesiste il rischio d&#8217;insorgenza di patologia cardiovascolare, dovuto sia al rimanere troppo tempo in piedi che seduti. L&#8217;alternanza delle due posture \u00e8 la migliore soluzione per il lavoro d&#8217;ufficio, meglio ancora se accompagnata da movimenti moderati\u201d.<\/span><\/p>\n<p style=\"text-align: justify;\"><span style=\"color: #000000;\"><a style=\"color: #000000;\" href=\"http:\/\/www.cameraitalianabarcelona.com\/wp-content\/uploads\/2017\/05\/06_Estel_Task_Evo_Sit_Stand.jpg\"><img loading=\"lazy\" decoding=\"async\" class=\"aligncenter size-full wp-image-20912\" src=\"http:\/\/www.cameraitalianabarcelona.com\/wp-content\/uploads\/2017\/05\/06_Estel_Task_Evo_Sit_Stand.jpg\" alt=\"\" width=\"315\" height=\"320\" srcset=\"https:\/\/www.cameraitalianabarcelona.com\/wp-content\/uploads\/2017\/05\/06_Estel_Task_Evo_Sit_Stand.jpg 315w, https:\/\/www.cameraitalianabarcelona.com\/wp-content\/uploads\/2017\/05\/06_Estel_Task_Evo_Sit_Stand-295x300.jpg 295w, https:\/\/www.cameraitalianabarcelona.com\/wp-content\/uploads\/2017\/05\/06_Estel_Task_Evo_Sit_Stand-256x260.jpg 256w, https:\/\/www.cameraitalianabarcelona.com\/wp-content\/uploads\/2017\/05\/06_Estel_Task_Evo_Sit_Stand-60x60.jpg 60w\" sizes=\"auto, (max-width: 315px) 100vw, 315px\" \/><\/a><\/span><\/p>\n<p style=\"text-align: justify;\"><span style=\"color: #000000;\">\u00c8 dimostrato che rimanere seduti per pi\u00fa di un&#8217;ora pregiudica la salute poich\u00e9 induce cambiamenti biochimici nell&#8217;attivit\u00e1 metabolica. Pertanto diventa imprescindibile fornire agli impiegati mobilio ergonomico che favorisca il benessere fisico e mentale.<\/span><\/p>\n<p style=\"text-align: justify;\"><span style=\"color: #000000;\">Abbiamo lanciato <strong>EVO Sitting and Standing<\/strong> in <strong>tre versioni<\/strong>:<\/span><\/p>\n<p style=\"text-align: justify;\"><span style=\"color: #000000;\"><strong>EVO Glass<\/strong>: pannello divisorio in vetro<\/span><br \/>\n<span style=\"color: #000000;\"><strong>EVO Fabric<\/strong>: pannello divisorio in tela<\/span><br \/>\n<span style=\"color: #000000;\"><strong>EVO Kubic<\/strong>: con pannelli di 4 cm di spessore per aumentare la privacy<\/span><\/p>\n<p style=\"text-align: justify;\"><span style=\"color: #000000;\">Clicca <a href=\"https:\/\/www.esteliberica.com\/noticias\/evo-sitting-and-standing\" target=\"_blank\" rel=\"noopener noreferrer\"><span style=\"text-decoration: underline;\"><strong>qui<\/strong><\/span><\/a> per vedere il video del prodotto<\/span><\/p>\n<p style=\"text-align: justify;\"><span style=\"color: #000000;\">Per maggiori informazioni visita la <a href=\"https:\/\/www.esteliberica.com\" target=\"_blank\" rel=\"noopener noreferrer\"><strong><span style=\"text-decoration: underline;\">web<\/span><\/strong><\/a><\/span><\/p>\n<p style=\"text-align: justify;\"><span style=\"color: #000000;\">Clicca <a href=\"https:\/\/www.esteliberica.com\/noticias\/tendencias-mobiliario-oficina-2017\" target=\"_blank\" rel=\"noopener noreferrer\"><strong><span style=\"text-decoration: underline;\">qui<\/span> <\/strong><\/a>per le ultime tendenze in fatto di mobili per l&#8217;ufficio<\/span><\/p>\n","protected":false},"excerpt":{"rendered":"<p>Il sistema EVO permette di alzare e abbassare il piano di lavoro con un semplice movimento, attivato da un meccanismo motorizzato che controlla l&#8217;elevazione sincronica delle colonne di supporto. Premendo semplicemente un bottone, il tavolo EVO dal livello \u201cstare in piedi\u201d impostato a 110 cm passa al livello \u201cstare seduto\u201d, ad un&#8217;altezza di 70 cm.\u00a0Si [&hellip;]<\/p>\n","protected":false},"author":2,"featured_media":0,"comment_status":"open","ping_status":"closed","sticky":false,"template":"","format":"standard","meta":{"_exactmetrics_skip_tracking":false,"_exactmetrics_sitenote_active":false,"_exactmetrics_sitenote_note":"","_exactmetrics_sitenote_category":0,"ngg_post_thumbnail":0,"footnotes":""},"categories":[11],"tags":[],"class_list":["post-20923","post","type-post","status-publish","format-standard","hentry","category-non-categorizzato"],"_links":{"self":[{"href":"https:\/\/www.cameraitalianabarcelona.com\/it\/wp-json\/wp\/v2\/posts\/20923","targetHints":{"allow":["GET"]}}],"collection":[{"href":"https:\/\/www.cameraitalianabarcelona.com\/it\/wp-json\/wp\/v2\/posts"}],"about":[{"href":"https:\/\/www.cameraitalianabarcelona.com\/it\/wp-json\/wp\/v2\/types\/post"}],"author":[{"embeddable":true,"href":"https:\/\/www.cameraitalianabarcelona.com\/it\/wp-json\/wp\/v2\/users\/2"}],"replies":[{"embeddable":true,"href":"https:\/\/www.cameraitalianabarcelona.com\/it\/wp-json\/wp\/v2\/comments?post=20923"}],"version-history":[{"count":5,"href":"https:\/\/www.cameraitalianabarcelona.com\/it\/wp-json\/wp\/v2\/posts\/20923\/revisions"}],"predecessor-version":[{"id":20934,"href":"https:\/\/www.cameraitalianabarcelona.com\/it\/wp-json\/wp\/v2\/posts\/20923\/revisions\/20934"}],"wp:attachment":[{"href":"https:\/\/www.cameraitalianabarcelona.com\/it\/wp-json\/wp\/v2\/media?parent=20923"}],"wp:term":[{"taxonomy":"category","embeddable":true,"href":"https:\/\/www.cameraitalianabarcelona.com\/it\/wp-json\/wp\/v2\/categories?post=20923"},{"taxonomy":"post_tag","embeddable":true,"href":"https:\/\/www.cameraitalianabarcelona.com\/it\/wp-json\/wp\/v2\/tags?post=20923"}],"curies":[{"name":"wp","href":"https:\/\/api.w.org\/{rel}","templated":true}]}}