{"id":41774,"date":"2026-04-29T15:09:09","date_gmt":"2026-04-29T15:09:09","guid":{"rendered":"https:\/\/www.cameraitalianabarcelona.com\/?p=41774\/"},"modified":"2026-04-29T15:09:10","modified_gmt":"2026-04-29T15:09:10","slug":"milano-fashionjewels-milano-12-14-settembre-2026","status":"publish","type":"post","link":"http:\/\/www.cameraitalianabarcelona.com\/it\/2026\/04\/milano-fashionjewels-milano-12-14-settembre-2026\/","title":{"rendered":"MILANO FASHION&amp;JEWELS, Milano 12 \u2013 14 settembre 2026"},"content":{"rendered":"<p style=\"text-align: justify;\"><span style=\"color: #000000;\">Se il tuo prodotto \u00e8 un accessorio o un gioiello, hai bisogno di una fiera che parli la tua lingua.<\/span><\/p>\n<p style=\"text-align: justify;\"><span style=\"color: #000000;\">Milano Fashion&amp;Jewels \u00e8 l\u2019evento dedicato agli accessori di moda, alla gioielleria e alla bigiotteria.<\/span><\/p>\n<p style=\"text-align: justify;\"><span style=\"color: #000000;\">Qui, il design, lo stile e l\u2019innovazione si fondono, creando uno spazio dove la tradizione italiana e le visioni internazionali si incontrano davanti a compratori e rivenditori.<\/span><\/p>\n<p style=\"text-align: justify;\"><span style=\"color: #000000;\">Presenta la tua collezione a Milano Fashion&amp;Jewels e scopri come diventare espositore.<\/span><\/p>\n<p style=\"text-align: justify;\"><span style=\"color: #000000;\"><strong>Perch\u00e9 Milano Fashion&amp;Jewels?<\/strong> Un punto di incontro strategico per marchi che cercano posizionamento, visibilit\u00e0 e business reale nel mercato europeo e internazionale.<\/span><\/p>\n\n<div class=\"wp-block-group\"><div class=\"wp-block-group__inner-container is-layout-constrained wp-block-group-is-layout-constrained\">\n<p style=\"text-align: justify;\"><span style=\"color: #000000;\"><strong>Profilo del visitatore<\/strong><\/span><\/p>\n<p style=\"text-align: justify;\"><span style=\"color: #000000;\"><\/span><\/p>\n\n<ul class=\"wp-block-list\">\n \t<li style=\"text-align: justify;\"><span style=\"color: #000000;\">Compratori internazionali<\/span><\/li>\n \n \t<li style=\"text-align: justify;\"><span style=\"color: #000000;\">Rivenditori specializzati<\/span><\/li>\n \n \t<li style=\"text-align: justify;\"><span style=\"color: #000000;\">Concept store<\/span><\/li>\n \n \t<li style=\"text-align: justify;\"><span style=\"color: #000000;\">Grandi superfici<\/span><\/li>\n \n \t<li style=\"text-align: justify;\"><span style=\"color: #000000;\">Distributori e agenti<\/span><\/li>\n \n \t<li style=\"text-align: justify;\"><span style=\"color: #000000;\">Professionisti del settore moda e lifestyle<\/span><\/li>\n<\/ul>\n<p style=\"text-align: justify;\"><span style=\"color: #000000;\"><\/span><\/p>\n\n<\/div><\/div>\n\n<p style=\"text-align: justify;\"><span style=\"color: #000000;\"><strong>Dati chiave ultima edizione<\/strong><\/span><\/p>\n<p style=\"text-align: justify;\"><span style=\"color: #000000;\"><\/span><\/p>\n\n<ul class=\"wp-block-list\">\n \t<li style=\"text-align: justify;\"><span style=\"color: #000000;\">+660 marchi espositori<\/span><\/li>\n \n \t<li style=\"text-align: justify;\"><span style=\"color: #000000;\">+40.000 visitatori professionali<\/span><\/li>\n \n \t<li style=\"text-align: justify;\"><span style=\"color: #000000;\">Presenza di compratori da pi\u00f9 di 40 paesi<\/span><\/li>\n \n \t<li style=\"text-align: justify;\"><span style=\"color: #000000;\">Forte focus su tendenze, sostenibilit\u00e0 e innovazione<\/span><\/li>\n<\/ul>\n\n<p style=\"text-align: justify;\"><span style=\"color: #000000;\">Milano Fashion&amp;Jewels non \u00e8 solo una fiera, \u00e8 una piattaforma di business dove si generano contatti qualificati e opportunit\u00e0 concrete.<\/span><\/p>\n<p style=\"text-align: justify;\"><span style=\"color: #000000;\">Se vuoi pi\u00f9 informazioni su spazi espositivi e tariffe, scrivi a:<\/span><\/p>\n\n<p style=\"text-align: justify;\"><span style=\"color: #000000;\"><a>emanuelaesposito@camaraitaliana.com<\/a><\/span><\/p>","protected":false},"excerpt":{"rendered":"<p>Se il tuo prodotto \u00e8 un accessorio o un gioiello, hai bisogno di una fiera che parli la tua lingua. Milano Fashion&amp;Jewels \u00e8 l\u2019evento dedicato agli accessori di moda, alla gioielleria e alla bigiotteria. Qui, il design, lo stile e l\u2019innovazione si fondono, creando uno spazio dove la tradizione italiana e le visioni internazionali si [&hellip;]<\/p>\n","protected":false},"author":2,"featured_media":41761,"comment_status":"open","ping_status":"closed","sticky":false,"template":"","format":"standard","meta":{"_exactmetrics_skip_tracking":false,"_exactmetrics_sitenote_active":false,"_exactmetrics_sitenote_note":"","_exactmetrics_sitenote_category":0,"ngg_post_thumbnail":0,"footnotes":""},"categories":[11],"tags":[],"class_list":["post-41774","post","type-post","status-publish","format-standard","has-post-thumbnail","hentry","category-non-categorizzato"],"_links":{"self":[{"href":"http:\/\/www.cameraitalianabarcelona.com\/it\/wp-json\/wp\/v2\/posts\/41774","targetHints":{"allow":["GET"]}}],"collection":[{"href":"http:\/\/www.cameraitalianabarcelona.com\/it\/wp-json\/wp\/v2\/posts"}],"about":[{"href":"http:\/\/www.cameraitalianabarcelona.com\/it\/wp-json\/wp\/v2\/types\/post"}],"author":[{"embeddable":true,"href":"http:\/\/www.cameraitalianabarcelona.com\/it\/wp-json\/wp\/v2\/users\/2"}],"replies":[{"embeddable":true,"href":"http:\/\/www.cameraitalianabarcelona.com\/it\/wp-json\/wp\/v2\/comments?post=41774"}],"version-history":[{"count":13,"href":"http:\/\/www.cameraitalianabarcelona.com\/it\/wp-json\/wp\/v2\/posts\/41774\/revisions"}],"predecessor-version":[{"id":41788,"href":"http:\/\/www.cameraitalianabarcelona.com\/it\/wp-json\/wp\/v2\/posts\/41774\/revisions\/41788"}],"wp:featuredmedia":[{"embeddable":true,"href":"http:\/\/www.cameraitalianabarcelona.com\/it\/wp-json\/wp\/v2\/media\/41761"}],"wp:attachment":[{"href":"http:\/\/www.cameraitalianabarcelona.com\/it\/wp-json\/wp\/v2\/media?parent=41774"}],"wp:term":[{"taxonomy":"category","embeddable":true,"href":"http:\/\/www.cameraitalianabarcelona.com\/it\/wp-json\/wp\/v2\/categories?post=41774"},{"taxonomy":"post_tag","embeddable":true,"href":"http:\/\/www.cameraitalianabarcelona.com\/it\/wp-json\/wp\/v2\/tags?post=41774"}],"curies":[{"name":"wp","href":"https:\/\/api.w.org\/{rel}","templated":true}]}}