{"id":41712,"date":"2026-04-28T15:25:17","date_gmt":"2026-04-28T15:25:17","guid":{"rendered":"https:\/\/www.cameraitalianabarcelona.com\/?p=41712\/"},"modified":"2026-04-28T15:25:19","modified_gmt":"2026-04-28T15:25:19","slug":"mobilita-erasmus-ka1-training-of-facilitators-for-youth-toffy-oviedo","status":"publish","type":"post","link":"http:\/\/www.cameraitalianabarcelona.com\/it\/2026\/04\/mobilita-erasmus-ka1-training-of-facilitators-for-youth-toffy-oviedo\/","title":{"rendered":"MOBILIT\u00c0 ERASMUS+ KA1 \u2013 Training of Facilitators for Youth (TOFFY), Oviedo"},"content":{"rendered":"<div class=\"relative basis-auto flex-col -mb-(--composer-overlap-px) pb-(--composer-overlap-px) [--composer-overlap-px:28px] grow flex\">\n<div class=\"flex flex-col text-sm\">\n<section class=\"text-token-text-primary w-full focus:outline-none [--shadow-height:45px] has-data-writing-block:pointer-events-none has-data-writing-block:-mt-(--shadow-height) has-data-writing-block:pt-(--shadow-height) [&amp;:has([data-writing-block])&gt;*]:pointer-events-auto [content-visibility:auto] supports-[content-visibility:auto]:[contain-intrinsic-size:auto_100lvh] R6Vx5W_threadScrollVars scroll-mb-[calc(var(--scroll-root-safe-area-inset-bottom,0px)+var(--thread-response-height))] scroll-mt-[calc(var(--header-height)+min(200px,max(70px,20svh)))]\" dir=\"auto\" data-turn-id=\"request-WEB:957f4411-0add-4def-b857-0e3548ba343b-15\" data-testid=\"conversation-turn-32\" data-scroll-anchor=\"false\" data-turn=\"assistant\">\n<div class=\"text-base my-auto mx-auto pb-10 [--thread-content-margin:var(--thread-content-margin-xs,calc(var(--spacing)*4))] @w-sm\/main:[--thread-content-margin:var(--thread-content-margin-sm,calc(var(--spacing)*6))] @w-lg\/main:[--thread-content-margin:var(--thread-content-margin-lg,calc(var(--spacing)*16))] px-(--thread-content-margin)\">\n<div class=\"[--thread-content-max-width:40rem] @w-lg\/main:[--thread-content-max-width:48rem] mx-auto max-w-(--thread-content-max-width) flex-1 group\/turn-messages focus-visible:outline-hidden relative flex w-full min-w-0 flex-col agent-turn\">\n<div class=\"flex max-w-full flex-col gap-4 grow\">\n<div class=\"min-h-8 text-message relative flex w-full flex-col items-end gap-2 text-start break-words whitespace-normal outline-none keyboard-focused:focus-ring [.text-message+&amp;]:mt-1\" dir=\"auto\" tabindex=\"0\" data-message-author-role=\"assistant\" data-message-id=\"0ca40767-1bae-4ac8-bdca-4d962b17da78\" data-message-model-slug=\"gpt-5-3-mini\" data-turn-start-message=\"true\">\n<div class=\"flex w-full flex-col gap-1 empty:hidden\">\n<div class=\"markdown prose dark:prose-invert w-full wrap-break-word light markdown-new-styling\">\n<p style=\"text-align: justify;\"><span style=\"color: #000000;\">Dal 20 al 26 aprile si \u00e8 svolta a Oviedo (Spagna) un\u2019attivit\u00e0 di formazione nell\u2019ambito del programma <strong>Erasmus+ KA1 \u2013 Mobilit\u00e0 degli operatori giovanili<\/strong>, intitolata <strong>\u201cTOFFY \u2013 Training of Facilitators for Youth\u201d<\/strong> e coordinata dall\u2019ente YOUROPIA (Spagna). L\u2019iniziativa ha riunito professionisti del settore giovanile provenienti da diversi paesi europei, tra cui rappresentanti della Camera di Commercio Italiana a Barcellona.<\/span><\/p>\n<p style=\"text-align: justify;\"><span style=\"color: #000000;\">L\u2019obiettivo principale del training \u00e8 stato quello di offrire un\u2019esperienza formativa rivolta a youth workers e youth leaders interessati a migliorare le proprie competenze di facilitazione e a scoprire nuovi strumenti per aumentare la qualit\u00e0 del loro lavoro con gruppi di giovani.<\/span><\/p>\n<p style=\"text-align: justify;\"><span style=\"color: #000000;\">Nel corso della settimana, i partecipanti hanno avuto l\u2019opportunit\u00e0 di approfondire tematiche chiave come la gestione dei gruppi, le dinamiche di potere, la gestione e trasformazione dei conflitti, cos\u00ec come diverse tecniche di facilitazione applicate, il tutto attraverso un approccio basato sull\u2019educazione non formale e sulla metodologia del learning by doing.<\/span><\/p>\n<p style=\"text-align: justify;\"><span style=\"color: #000000;\">Il programma \u00e8 stato strutturato attraverso workshop pratici, attivit\u00e0 di gruppo e dinamiche partecipative, favorendo un apprendimento esperienziale e collaborativo che ha permesso di sviluppare competenze direttamente applicabili in contesti professionali reali.<\/span><\/p>\n<p style=\"text-align: justify;\"><span style=\"color: #000000;\">Un momento particolarmente significativo \u00e8 stata la simulazione finale, durante la quale i partecipanti hanno potuto progettare e facilitare proprie sessioni, mettendo in pratica le competenze acquisite durante il training e riflettendo sul proprio ruolo di facilitatori in contesti interculturali.<\/span><\/p>\n<p style=\"text-align: justify;\"><span style=\"color: #000000;\">Il progetto \u00e8 stato possibile grazie alla collaborazione di diversi partner europei, tra cui YOUROPIA (Spagna), Gentle Giant (Italia), Bolu Gen\u00e7lik ve Spor \u0130l M\u00fcd\u00fcrl\u00fc\u011f\u00fc (Turchia), Polites (Polonia), Clube Intercultural Europeu (Portogallo) e Ars Electronica (Austria).<\/span><\/p>\n<p style=\"text-align: justify;\"><span style=\"color: #000000;\">La Camera di Commercio Italiana a Barcellona ringrazia tutte le entit\u00e0 per il loro impegno e contributo, che hanno reso questa esperienza una preziosa opportunit\u00e0 formativa nel campo del lavoro giovanile a livello europeo.<\/span><\/p>\n<\/div>\n<\/div>\n<\/div>\n<\/div>\n<\/div>\n<\/div>\n<\/section>\n<\/div>\n<\/div>\n<p style=\"text-align: justify;\">&nbsp;<\/p>\n\n\n<figure class=\"wp-block-image size-large\"><img loading=\"lazy\" decoding=\"async\" width=\"1024\" height=\"1024\" src=\"https:\/\/www.cameraitalianabarcelona.com\/wp-content\/uploads\/2026\/04\/WhatsApp-Image-2026-04-28-at-2.25.49-PM-1024x1024.jpeg\" alt=\"\" class=\"wp-image-41713\" srcset=\"http:\/\/www.cameraitalianabarcelona.com\/wp-content\/uploads\/2026\/04\/WhatsApp-Image-2026-04-28-at-2.25.49-PM-1024x1024.jpeg 1024w, http:\/\/www.cameraitalianabarcelona.com\/wp-content\/uploads\/2026\/04\/WhatsApp-Image-2026-04-28-at-2.25.49-PM-300x300.jpeg 300w, http:\/\/www.cameraitalianabarcelona.com\/wp-content\/uploads\/2026\/04\/WhatsApp-Image-2026-04-28-at-2.25.49-PM-150x150.jpeg 150w, http:\/\/www.cameraitalianabarcelona.com\/wp-content\/uploads\/2026\/04\/WhatsApp-Image-2026-04-28-at-2.25.49-PM-1536x1536.jpeg 1536w, http:\/\/www.cameraitalianabarcelona.com\/wp-content\/uploads\/2026\/04\/WhatsApp-Image-2026-04-28-at-2.25.49-PM-2048x2048.jpeg 2048w, http:\/\/www.cameraitalianabarcelona.com\/wp-content\/uploads\/2026\/04\/WhatsApp-Image-2026-04-28-at-2.25.49-PM-550x550.jpeg 550w, http:\/\/www.cameraitalianabarcelona.com\/wp-content\/uploads\/2026\/04\/WhatsApp-Image-2026-04-28-at-2.25.49-PM-1100x1100.jpeg 1100w, http:\/\/www.cameraitalianabarcelona.com\/wp-content\/uploads\/2026\/04\/WhatsApp-Image-2026-04-28-at-2.25.49-PM-500x500.jpeg 500w, http:\/\/www.cameraitalianabarcelona.com\/wp-content\/uploads\/2026\/04\/WhatsApp-Image-2026-04-28-at-2.25.49-PM-225x225.jpeg 225w, http:\/\/www.cameraitalianabarcelona.com\/wp-content\/uploads\/2026\/04\/WhatsApp-Image-2026-04-28-at-2.25.49-PM-200x200.jpeg 200w, http:\/\/www.cameraitalianabarcelona.com\/wp-content\/uploads\/2026\/04\/WhatsApp-Image-2026-04-28-at-2.25.49-PM-400x400.jpeg 400w, http:\/\/www.cameraitalianabarcelona.com\/wp-content\/uploads\/2026\/04\/WhatsApp-Image-2026-04-28-at-2.25.49-PM-600x600.jpeg 600w, http:\/\/www.cameraitalianabarcelona.com\/wp-content\/uploads\/2026\/04\/WhatsApp-Image-2026-04-28-at-2.25.49-PM-1200x1200.jpeg 1200w\" sizes=\"auto, (max-width: 1024px) 100vw, 1024px\" \/><\/figure>\n\n\n\n<div style=\"height:50px\" aria-hidden=\"true\" class=\"wp-block-spacer\"><\/div>\n\n\n\n<figure class=\"wp-block-image size-large\"><img loading=\"lazy\" decoding=\"async\" width=\"1024\" height=\"1024\" src=\"https:\/\/www.cameraitalianabarcelona.com\/wp-content\/uploads\/2026\/04\/WhatsApp-Image-2026-04-28-at-2.25.51-PM-1-1024x1024.jpeg\" alt=\"\" class=\"wp-image-41714\" srcset=\"http:\/\/www.cameraitalianabarcelona.com\/wp-content\/uploads\/2026\/04\/WhatsApp-Image-2026-04-28-at-2.25.51-PM-1-1024x1024.jpeg 1024w, http:\/\/www.cameraitalianabarcelona.com\/wp-content\/uploads\/2026\/04\/WhatsApp-Image-2026-04-28-at-2.25.51-PM-1-300x300.jpeg 300w, http:\/\/www.cameraitalianabarcelona.com\/wp-content\/uploads\/2026\/04\/WhatsApp-Image-2026-04-28-at-2.25.51-PM-1-150x150.jpeg 150w, http:\/\/www.cameraitalianabarcelona.com\/wp-content\/uploads\/2026\/04\/WhatsApp-Image-2026-04-28-at-2.25.51-PM-1-1536x1536.jpeg 1536w, http:\/\/www.cameraitalianabarcelona.com\/wp-content\/uploads\/2026\/04\/WhatsApp-Image-2026-04-28-at-2.25.51-PM-1-2048x2048.jpeg 2048w, http:\/\/www.cameraitalianabarcelona.com\/wp-content\/uploads\/2026\/04\/WhatsApp-Image-2026-04-28-at-2.25.51-PM-1-550x550.jpeg 550w, http:\/\/www.cameraitalianabarcelona.com\/wp-content\/uploads\/2026\/04\/WhatsApp-Image-2026-04-28-at-2.25.51-PM-1-1100x1100.jpeg 1100w, http:\/\/www.cameraitalianabarcelona.com\/wp-content\/uploads\/2026\/04\/WhatsApp-Image-2026-04-28-at-2.25.51-PM-1-500x500.jpeg 500w, http:\/\/www.cameraitalianabarcelona.com\/wp-content\/uploads\/2026\/04\/WhatsApp-Image-2026-04-28-at-2.25.51-PM-1-225x225.jpeg 225w, http:\/\/www.cameraitalianabarcelona.com\/wp-content\/uploads\/2026\/04\/WhatsApp-Image-2026-04-28-at-2.25.51-PM-1-200x200.jpeg 200w, http:\/\/www.cameraitalianabarcelona.com\/wp-content\/uploads\/2026\/04\/WhatsApp-Image-2026-04-28-at-2.25.51-PM-1-400x400.jpeg 400w, http:\/\/www.cameraitalianabarcelona.com\/wp-content\/uploads\/2026\/04\/WhatsApp-Image-2026-04-28-at-2.25.51-PM-1-600x600.jpeg 600w, http:\/\/www.cameraitalianabarcelona.com\/wp-content\/uploads\/2026\/04\/WhatsApp-Image-2026-04-28-at-2.25.51-PM-1-1200x1200.jpeg 1200w\" sizes=\"auto, (max-width: 1024px) 100vw, 1024px\" \/><\/figure>\n\n\n\n<div style=\"height:50px\" aria-hidden=\"true\" class=\"wp-block-spacer\"><\/div>\n\n\n\n<figure class=\"wp-block-image size-large\"><img loading=\"lazy\" decoding=\"async\" width=\"1024\" height=\"1024\" src=\"https:\/\/www.cameraitalianabarcelona.com\/wp-content\/uploads\/2026\/04\/WhatsApp-Image-2026-04-28-at-2.25.50-PM-1-1024x1024.jpeg\" alt=\"\" class=\"wp-image-41715\" srcset=\"http:\/\/www.cameraitalianabarcelona.com\/wp-content\/uploads\/2026\/04\/WhatsApp-Image-2026-04-28-at-2.25.50-PM-1-1024x1024.jpeg 1024w, http:\/\/www.cameraitalianabarcelona.com\/wp-content\/uploads\/2026\/04\/WhatsApp-Image-2026-04-28-at-2.25.50-PM-1-300x300.jpeg 300w, http:\/\/www.cameraitalianabarcelona.com\/wp-content\/uploads\/2026\/04\/WhatsApp-Image-2026-04-28-at-2.25.50-PM-1-150x150.jpeg 150w, http:\/\/www.cameraitalianabarcelona.com\/wp-content\/uploads\/2026\/04\/WhatsApp-Image-2026-04-28-at-2.25.50-PM-1-1536x1536.jpeg 1536w, http:\/\/www.cameraitalianabarcelona.com\/wp-content\/uploads\/2026\/04\/WhatsApp-Image-2026-04-28-at-2.25.50-PM-1-2048x2048.jpeg 2048w, http:\/\/www.cameraitalianabarcelona.com\/wp-content\/uploads\/2026\/04\/WhatsApp-Image-2026-04-28-at-2.25.50-PM-1-550x550.jpeg 550w, http:\/\/www.cameraitalianabarcelona.com\/wp-content\/uploads\/2026\/04\/WhatsApp-Image-2026-04-28-at-2.25.50-PM-1-1100x1100.jpeg 1100w, http:\/\/www.cameraitalianabarcelona.com\/wp-content\/uploads\/2026\/04\/WhatsApp-Image-2026-04-28-at-2.25.50-PM-1-500x500.jpeg 500w, http:\/\/www.cameraitalianabarcelona.com\/wp-content\/uploads\/2026\/04\/WhatsApp-Image-2026-04-28-at-2.25.50-PM-1-225x225.jpeg 225w, http:\/\/www.cameraitalianabarcelona.com\/wp-content\/uploads\/2026\/04\/WhatsApp-Image-2026-04-28-at-2.25.50-PM-1-200x200.jpeg 200w, http:\/\/www.cameraitalianabarcelona.com\/wp-content\/uploads\/2026\/04\/WhatsApp-Image-2026-04-28-at-2.25.50-PM-1-400x400.jpeg 400w, http:\/\/www.cameraitalianabarcelona.com\/wp-content\/uploads\/2026\/04\/WhatsApp-Image-2026-04-28-at-2.25.50-PM-1-600x600.jpeg 600w, http:\/\/www.cameraitalianabarcelona.com\/wp-content\/uploads\/2026\/04\/WhatsApp-Image-2026-04-28-at-2.25.50-PM-1-1200x1200.jpeg 1200w\" sizes=\"auto, (max-width: 1024px) 100vw, 1024px\" \/><\/figure>\n\n\n\n<div style=\"height:50px\" aria-hidden=\"true\" class=\"wp-block-spacer\"><\/div>\n\n\n\n<figure class=\"wp-block-image size-large\"><img loading=\"lazy\" decoding=\"async\" width=\"1024\" height=\"1024\" src=\"https:\/\/www.cameraitalianabarcelona.com\/wp-content\/uploads\/2026\/04\/WhatsApp-Image-2026-04-28-at-2.25.50-PM-1024x1024.jpeg\" alt=\"\" class=\"wp-image-41716\" srcset=\"http:\/\/www.cameraitalianabarcelona.com\/wp-content\/uploads\/2026\/04\/WhatsApp-Image-2026-04-28-at-2.25.50-PM-1024x1024.jpeg 1024w, http:\/\/www.cameraitalianabarcelona.com\/wp-content\/uploads\/2026\/04\/WhatsApp-Image-2026-04-28-at-2.25.50-PM-300x300.jpeg 300w, http:\/\/www.cameraitalianabarcelona.com\/wp-content\/uploads\/2026\/04\/WhatsApp-Image-2026-04-28-at-2.25.50-PM-150x150.jpeg 150w, http:\/\/www.cameraitalianabarcelona.com\/wp-content\/uploads\/2026\/04\/WhatsApp-Image-2026-04-28-at-2.25.50-PM-1536x1536.jpeg 1536w, http:\/\/www.cameraitalianabarcelona.com\/wp-content\/uploads\/2026\/04\/WhatsApp-Image-2026-04-28-at-2.25.50-PM-2048x2048.jpeg 2048w, http:\/\/www.cameraitalianabarcelona.com\/wp-content\/uploads\/2026\/04\/WhatsApp-Image-2026-04-28-at-2.25.50-PM-550x550.jpeg 550w, http:\/\/www.cameraitalianabarcelona.com\/wp-content\/uploads\/2026\/04\/WhatsApp-Image-2026-04-28-at-2.25.50-PM-1100x1100.jpeg 1100w, http:\/\/www.cameraitalianabarcelona.com\/wp-content\/uploads\/2026\/04\/WhatsApp-Image-2026-04-28-at-2.25.50-PM-500x500.jpeg 500w, http:\/\/www.cameraitalianabarcelona.com\/wp-content\/uploads\/2026\/04\/WhatsApp-Image-2026-04-28-at-2.25.50-PM-225x225.jpeg 225w, http:\/\/www.cameraitalianabarcelona.com\/wp-content\/uploads\/2026\/04\/WhatsApp-Image-2026-04-28-at-2.25.50-PM-200x200.jpeg 200w, http:\/\/www.cameraitalianabarcelona.com\/wp-content\/uploads\/2026\/04\/WhatsApp-Image-2026-04-28-at-2.25.50-PM-400x400.jpeg 400w, http:\/\/www.cameraitalianabarcelona.com\/wp-content\/uploads\/2026\/04\/WhatsApp-Image-2026-04-28-at-2.25.50-PM-600x600.jpeg 600w, http:\/\/www.cameraitalianabarcelona.com\/wp-content\/uploads\/2026\/04\/WhatsApp-Image-2026-04-28-at-2.25.50-PM-1200x1200.jpeg 1200w\" sizes=\"auto, (max-width: 1024px) 100vw, 1024px\" \/><\/figure>\n\n\n\n<div style=\"height:50px\" aria-hidden=\"true\" class=\"wp-block-spacer\"><\/div>\n\n\n\n<figure class=\"wp-block-image size-large\"><img loading=\"lazy\" decoding=\"async\" width=\"1024\" height=\"1024\" src=\"https:\/\/www.cameraitalianabarcelona.com\/wp-content\/uploads\/2026\/04\/WhatsApp-Image-2026-04-28-at-2.25.51-PM-2-1024x1024.jpeg\" alt=\"\" class=\"wp-image-41717\" srcset=\"http:\/\/www.cameraitalianabarcelona.com\/wp-content\/uploads\/2026\/04\/WhatsApp-Image-2026-04-28-at-2.25.51-PM-2-1024x1024.jpeg 1024w, http:\/\/www.cameraitalianabarcelona.com\/wp-content\/uploads\/2026\/04\/WhatsApp-Image-2026-04-28-at-2.25.51-PM-2-300x300.jpeg 300w, http:\/\/www.cameraitalianabarcelona.com\/wp-content\/uploads\/2026\/04\/WhatsApp-Image-2026-04-28-at-2.25.51-PM-2-150x150.jpeg 150w, http:\/\/www.cameraitalianabarcelona.com\/wp-content\/uploads\/2026\/04\/WhatsApp-Image-2026-04-28-at-2.25.51-PM-2-1536x1536.jpeg 1536w, http:\/\/www.cameraitalianabarcelona.com\/wp-content\/uploads\/2026\/04\/WhatsApp-Image-2026-04-28-at-2.25.51-PM-2-2048x2048.jpeg 2048w, http:\/\/www.cameraitalianabarcelona.com\/wp-content\/uploads\/2026\/04\/WhatsApp-Image-2026-04-28-at-2.25.51-PM-2-550x550.jpeg 550w, http:\/\/www.cameraitalianabarcelona.com\/wp-content\/uploads\/2026\/04\/WhatsApp-Image-2026-04-28-at-2.25.51-PM-2-1100x1100.jpeg 1100w, http:\/\/www.cameraitalianabarcelona.com\/wp-content\/uploads\/2026\/04\/WhatsApp-Image-2026-04-28-at-2.25.51-PM-2-500x500.jpeg 500w, http:\/\/www.cameraitalianabarcelona.com\/wp-content\/uploads\/2026\/04\/WhatsApp-Image-2026-04-28-at-2.25.51-PM-2-225x225.jpeg 225w, http:\/\/www.cameraitalianabarcelona.com\/wp-content\/uploads\/2026\/04\/WhatsApp-Image-2026-04-28-at-2.25.51-PM-2-200x200.jpeg 200w, http:\/\/www.cameraitalianabarcelona.com\/wp-content\/uploads\/2026\/04\/WhatsApp-Image-2026-04-28-at-2.25.51-PM-2-400x400.jpeg 400w, http:\/\/www.cameraitalianabarcelona.com\/wp-content\/uploads\/2026\/04\/WhatsApp-Image-2026-04-28-at-2.25.51-PM-2-600x600.jpeg 600w, http:\/\/www.cameraitalianabarcelona.com\/wp-content\/uploads\/2026\/04\/WhatsApp-Image-2026-04-28-at-2.25.51-PM-2-1200x1200.jpeg 1200w\" sizes=\"auto, (max-width: 1024px) 100vw, 1024px\" \/><\/figure>\n\n\n\n<div style=\"height:50px\" aria-hidden=\"true\" class=\"wp-block-spacer\"><\/div>\n\n\n\n<figure class=\"wp-block-image size-large\"><img loading=\"lazy\" decoding=\"async\" width=\"1024\" height=\"1024\" src=\"https:\/\/www.cameraitalianabarcelona.com\/wp-content\/uploads\/2026\/04\/WhatsApp-Image-2026-04-28-at-2.25.50-PM-2-1024x1024.jpeg\" alt=\"\" class=\"wp-image-41718\" srcset=\"http:\/\/www.cameraitalianabarcelona.com\/wp-content\/uploads\/2026\/04\/WhatsApp-Image-2026-04-28-at-2.25.50-PM-2-1024x1024.jpeg 1024w, http:\/\/www.cameraitalianabarcelona.com\/wp-content\/uploads\/2026\/04\/WhatsApp-Image-2026-04-28-at-2.25.50-PM-2-300x300.jpeg 300w, http:\/\/www.cameraitalianabarcelona.com\/wp-content\/uploads\/2026\/04\/WhatsApp-Image-2026-04-28-at-2.25.50-PM-2-150x150.jpeg 150w, http:\/\/www.cameraitalianabarcelona.com\/wp-content\/uploads\/2026\/04\/WhatsApp-Image-2026-04-28-at-2.25.50-PM-2-1536x1536.jpeg 1536w, http:\/\/www.cameraitalianabarcelona.com\/wp-content\/uploads\/2026\/04\/WhatsApp-Image-2026-04-28-at-2.25.50-PM-2-2048x2048.jpeg 2048w, http:\/\/www.cameraitalianabarcelona.com\/wp-content\/uploads\/2026\/04\/WhatsApp-Image-2026-04-28-at-2.25.50-PM-2-550x550.jpeg 550w, http:\/\/www.cameraitalianabarcelona.com\/wp-content\/uploads\/2026\/04\/WhatsApp-Image-2026-04-28-at-2.25.50-PM-2-1100x1100.jpeg 1100w, http:\/\/www.cameraitalianabarcelona.com\/wp-content\/uploads\/2026\/04\/WhatsApp-Image-2026-04-28-at-2.25.50-PM-2-500x500.jpeg 500w, http:\/\/www.cameraitalianabarcelona.com\/wp-content\/uploads\/2026\/04\/WhatsApp-Image-2026-04-28-at-2.25.50-PM-2-225x225.jpeg 225w, http:\/\/www.cameraitalianabarcelona.com\/wp-content\/uploads\/2026\/04\/WhatsApp-Image-2026-04-28-at-2.25.50-PM-2-200x200.jpeg 200w, http:\/\/www.cameraitalianabarcelona.com\/wp-content\/uploads\/2026\/04\/WhatsApp-Image-2026-04-28-at-2.25.50-PM-2-400x400.jpeg 400w, http:\/\/www.cameraitalianabarcelona.com\/wp-content\/uploads\/2026\/04\/WhatsApp-Image-2026-04-28-at-2.25.50-PM-2-600x600.jpeg 600w, http:\/\/www.cameraitalianabarcelona.com\/wp-content\/uploads\/2026\/04\/WhatsApp-Image-2026-04-28-at-2.25.50-PM-2-1200x1200.jpeg 1200w\" sizes=\"auto, (max-width: 1024px) 100vw, 1024px\" \/><\/figure>\n\n\n\n<p><\/p>\n","protected":false},"excerpt":{"rendered":"<p>Dal 20 al 26 aprile si \u00e8 svolta a Oviedo (Spagna) un\u2019attivit\u00e0 di formazione nell\u2019ambito del programma Erasmus+ KA1 \u2013 Mobilit\u00e0 degli operatori giovanili, intitolata \u201cTOFFY \u2013 Training of Facilitators for Youth\u201d e coordinata dall\u2019ente YOUROPIA (Spagna). L\u2019iniziativa ha riunito professionisti del settore giovanile provenienti da diversi paesi europei, tra cui rappresentanti della Camera di [&hellip;]<\/p>\n","protected":false},"author":2,"featured_media":41719,"comment_status":"open","ping_status":"closed","sticky":false,"template":"","format":"standard","meta":{"_exactmetrics_skip_tracking":false,"_exactmetrics_sitenote_active":false,"_exactmetrics_sitenote_note":"","_exactmetrics_sitenote_category":0,"ngg_post_thumbnail":0,"footnotes":""},"categories":[11],"tags":[],"class_list":["post-41712","post","type-post","status-publish","format-standard","has-post-thumbnail","hentry","category-non-categorizzato"],"_links":{"self":[{"href":"http:\/\/www.cameraitalianabarcelona.com\/it\/wp-json\/wp\/v2\/posts\/41712","targetHints":{"allow":["GET"]}}],"collection":[{"href":"http:\/\/www.cameraitalianabarcelona.com\/it\/wp-json\/wp\/v2\/posts"}],"about":[{"href":"http:\/\/www.cameraitalianabarcelona.com\/it\/wp-json\/wp\/v2\/types\/post"}],"author":[{"embeddable":true,"href":"http:\/\/www.cameraitalianabarcelona.com\/it\/wp-json\/wp\/v2\/users\/2"}],"replies":[{"embeddable":true,"href":"http:\/\/www.cameraitalianabarcelona.com\/it\/wp-json\/wp\/v2\/comments?post=41712"}],"version-history":[{"count":3,"href":"http:\/\/www.cameraitalianabarcelona.com\/it\/wp-json\/wp\/v2\/posts\/41712\/revisions"}],"predecessor-version":[{"id":41723,"href":"http:\/\/www.cameraitalianabarcelona.com\/it\/wp-json\/wp\/v2\/posts\/41712\/revisions\/41723"}],"wp:featuredmedia":[{"embeddable":true,"href":"http:\/\/www.cameraitalianabarcelona.com\/it\/wp-json\/wp\/v2\/media\/41719"}],"wp:attachment":[{"href":"http:\/\/www.cameraitalianabarcelona.com\/it\/wp-json\/wp\/v2\/media?parent=41712"}],"wp:term":[{"taxonomy":"category","embeddable":true,"href":"http:\/\/www.cameraitalianabarcelona.com\/it\/wp-json\/wp\/v2\/categories?post=41712"},{"taxonomy":"post_tag","embeddable":true,"href":"http:\/\/www.cameraitalianabarcelona.com\/it\/wp-json\/wp\/v2\/tags?post=41712"}],"curies":[{"name":"wp","href":"https:\/\/api.w.org\/{rel}","templated":true}]}}