{"id":41703,"date":"2026-04-28T09:18:14","date_gmt":"2026-04-28T09:18:14","guid":{"rendered":"https:\/\/www.cameraitalianabarcelona.com\/?p=41703\/"},"modified":"2026-04-28T14:42:07","modified_gmt":"2026-04-28T14:42:07","slug":"giornata-informativa-medinchambers-opportunita-per-pmi-del-settore-tessile","status":"publish","type":"post","link":"http:\/\/www.cameraitalianabarcelona.com\/it\/2026\/04\/giornata-informativa-medinchambers-opportunita-per-pmi-del-settore-tessile\/","title":{"rendered":"GIORNATA INFORMATIVA MEDinCHAMBERS: OPPORTUNIT\u00c0 PER PMI DEL SETTORE TESSILE"},"content":{"rendered":"\n<p><span style=\"color: #000000;\">Il prossimo <strong>7 maggio 2026<\/strong>, si invita le imprese e i professionisti a partecipare a una sessione online dedicata a conoscere in che modo il <strong>progetto MEDinCHAMBERS<\/strong> promuove le PMI dei settori tessile, confezione, cuoio e calzature (TCLF) nella loro transizione verso modelli pi\u00f9 sostenibili e competitivi.<\/span><\/p>\n\n\n\n<p><span style=\"color: #000000;\">Durante l\u2019incontro, le persone partecipanti potranno scoprire i principali servizi di supporto rivolti alle imprese, tra i quali si includono strumenti di sostenibilit\u00e0, valutazioni del ciclo di vita (LCA), cos\u00ec come programmi di mentoring e accompagnamento aziendale. Allo stesso modo, verranno presentate opportunit\u00e0 concrete come il Bootcamp di Sostenibilit\u00e0 che avr\u00e0 luogo a Barcellona.<\/span><\/p>\n\n\n\n<p><span style=\"color: #000000;\">La sessione offrir\u00e0 anche uno spazio collaborativo pensato per identificare sfide, necessit\u00e0 e priorit\u00e0 dell\u2019ecosistema imprenditoriale, promuovendo lo scambio di esperienze e la creazione di sinergie tra i diversi attori del settore.<\/span><\/p>\n\n\n\n<p><span style=\"color: #000000;\"><strong>Data<\/strong>: 7 maggio 2026<br><strong>Orario<\/strong>: 12:00 \u2013 13:00<br><strong>Iscrizione<\/strong>: <a href=\"https:\/\/us06web.zoom.us\/meeting\/register\/-hVUhA2ETq6z9ljO5XnlIg#\/registration\">https:\/\/us06web.zoom.us\/meeting\/register\/-hVUhA2ETq6z9ljO5XnlIg#\/registration<\/a><\/span><\/p>\n\n\n\n<p><span style=\"color: #000000;\">Si tratta di un\u2019opportunit\u00e0 pratica per quelle imprese che desiderano rafforzare la propria competitivit\u00e0 avanzando verso modelli di business pi\u00f9 sostenibili nel contesto mediterraneo.<\/span><\/p>\n\n\n\n<p><span style=\"color: #000000;\">Il progetto MEDinCHAMBERS si basa su una solida cooperazione, una responsabilit\u00e0 condivisa e un forte impegno per lo sviluppo di un ecosistema tessile mediterraneo pi\u00f9 sostenibile e resiliente.<\/span><\/p>\n\n\n\n<p><span style=\"color: #000000;\">Il progetto \u00e8 cofinanziato dall\u2019Unione Europea attraverso il programma Interreg NEXT MED.<\/span><br><br><audio autoplay=\"\"><\/audio><\/p>\n\n\n\n<div class=\"wp-block-file\"><a id=\"wp-block-file--media-d819f9c2-edc1-4e2c-8abb-008a996abad3\" href=\"http:\/\/www.cameraitalianabarcelona.com\/wp-content\/uploads\/2026\/04\/AGENDA-MEDinCHAMBERS.pdf\">AGENDA MEDinCHAMBERS<\/a><a href=\"http:\/\/www.cameraitalianabarcelona.com\/wp-content\/uploads\/2026\/04\/AGENDA-MEDinCHAMBERS.pdf\" class=\"wp-block-file__button wp-element-button\" download aria-describedby=\"wp-block-file--media-d819f9c2-edc1-4e2c-8abb-008a996abad3\">Descarga<\/a><\/div>\n","protected":false},"excerpt":{"rendered":"<p>Il prossimo 7 maggio 2026, si invita le imprese e i professionisti a partecipare a una sessione online dedicata a conoscere in che modo il progetto MEDinCHAMBERS promuove le PMI dei settori tessile, confezione, cuoio e calzature (TCLF) nella loro transizione verso modelli pi\u00f9 sostenibili e competitivi. Durante l\u2019incontro, le persone partecipanti potranno scoprire i [&hellip;]<\/p>\n","protected":false},"author":2,"featured_media":41693,"comment_status":"open","ping_status":"closed","sticky":false,"template":"","format":"standard","meta":{"_exactmetrics_skip_tracking":false,"_exactmetrics_sitenote_active":false,"_exactmetrics_sitenote_note":"","_exactmetrics_sitenote_category":0,"ngg_post_thumbnail":0,"footnotes":""},"categories":[11],"tags":[],"class_list":["post-41703","post","type-post","status-publish","format-standard","has-post-thumbnail","hentry","category-non-categorizzato"],"_links":{"self":[{"href":"http:\/\/www.cameraitalianabarcelona.com\/it\/wp-json\/wp\/v2\/posts\/41703","targetHints":{"allow":["GET"]}}],"collection":[{"href":"http:\/\/www.cameraitalianabarcelona.com\/it\/wp-json\/wp\/v2\/posts"}],"about":[{"href":"http:\/\/www.cameraitalianabarcelona.com\/it\/wp-json\/wp\/v2\/types\/post"}],"author":[{"embeddable":true,"href":"http:\/\/www.cameraitalianabarcelona.com\/it\/wp-json\/wp\/v2\/users\/2"}],"replies":[{"embeddable":true,"href":"http:\/\/www.cameraitalianabarcelona.com\/it\/wp-json\/wp\/v2\/comments?post=41703"}],"version-history":[{"count":4,"href":"http:\/\/www.cameraitalianabarcelona.com\/it\/wp-json\/wp\/v2\/posts\/41703\/revisions"}],"predecessor-version":[{"id":41711,"href":"http:\/\/www.cameraitalianabarcelona.com\/it\/wp-json\/wp\/v2\/posts\/41703\/revisions\/41711"}],"wp:featuredmedia":[{"embeddable":true,"href":"http:\/\/www.cameraitalianabarcelona.com\/it\/wp-json\/wp\/v2\/media\/41693"}],"wp:attachment":[{"href":"http:\/\/www.cameraitalianabarcelona.com\/it\/wp-json\/wp\/v2\/media?parent=41703"}],"wp:term":[{"taxonomy":"category","embeddable":true,"href":"http:\/\/www.cameraitalianabarcelona.com\/it\/wp-json\/wp\/v2\/categories?post=41703"},{"taxonomy":"post_tag","embeddable":true,"href":"http:\/\/www.cameraitalianabarcelona.com\/it\/wp-json\/wp\/v2\/tags?post=41703"}],"curies":[{"name":"wp","href":"https:\/\/api.w.org\/{rel}","templated":true}]}}