{"id":32197,"date":"2022-09-20T10:12:28","date_gmt":"2022-09-20T10:12:28","guid":{"rendered":"https:\/\/www.cameraitalianabarcelona.com\/?p=32197\/"},"modified":"2022-09-20T10:12:28","modified_gmt":"2022-09-20T10:12:28","slug":"nuovo-socio-ufficiale-natuzzi","status":"publish","type":"post","link":"http:\/\/www.cameraitalianabarcelona.com\/it\/2022\/09\/nuovo-socio-ufficiale-natuzzi\/","title":{"rendered":"NUOVO SOCIO UFFICIALE &#8211; NATUZZI"},"content":{"rendered":"<p style=\"text-align: justify;\"><img loading=\"lazy\" decoding=\"async\" class=\"aligncenter wp-image-32178 size-large\" src=\"https:\/\/www.cameraitalianabarcelona.com\/wp-content\/uploads\/2022\/09\/XXX_Living-07042022-low-1024x724.jpg\" alt=\"\" width=\"1024\" height=\"724\" srcset=\"http:\/\/www.cameraitalianabarcelona.com\/wp-content\/uploads\/2022\/09\/XXX_Living-07042022-low-1024x724.jpg 1024w, http:\/\/www.cameraitalianabarcelona.com\/wp-content\/uploads\/2022\/09\/XXX_Living-07042022-low-300x212.jpg 300w, http:\/\/www.cameraitalianabarcelona.com\/wp-content\/uploads\/2022\/09\/XXX_Living-07042022-low-768x543.jpg 768w, http:\/\/www.cameraitalianabarcelona.com\/wp-content\/uploads\/2022\/09\/XXX_Living-07042022-low-1536x1086.jpg 1536w, http:\/\/www.cameraitalianabarcelona.com\/wp-content\/uploads\/2022\/09\/XXX_Living-07042022-low-2048x1448.jpg 2048w, http:\/\/www.cameraitalianabarcelona.com\/wp-content\/uploads\/2022\/09\/XXX_Living-07042022-low-330x233.jpg 330w, http:\/\/www.cameraitalianabarcelona.com\/wp-content\/uploads\/2022\/09\/XXX_Living-07042022-low-1810x1280.jpg 1810w, http:\/\/www.cameraitalianabarcelona.com\/wp-content\/uploads\/2022\/09\/XXX_Living-07042022-low-585x414.jpg 585w, http:\/\/www.cameraitalianabarcelona.com\/wp-content\/uploads\/2022\/09\/XXX_Living-07042022-low-1280x905.jpg 1280w, http:\/\/www.cameraitalianabarcelona.com\/wp-content\/uploads\/2022\/09\/XXX_Living-07042022-low-414x293.jpg 414w\" sizes=\"auto, (max-width: 1024px) 100vw, 1024px\" \/><br \/>\n<span style=\"color: #000000;\">Visione e passione di Pasquale Natuzzi: questa indomabile combinazione ha creato l\u2019azienda nel 1959. Oggi Natuzzi \u00e8 diventato uno dei principali player mondiali nella produzione e distribuzione di arredamento di design e di lusso: quel design italiano e la manifattura artigianale nella migliore tradizione Made in Italy, capace di intercettare il gusto di una larga fascia di clienti internazionali e nazionali. Collaborano con alcuni dei nomi pi\u00f9 interessanti nel panorama del design internazionale che esprimono la loro creativit\u00e0 nelle nostre collezioni. Mettono al centro di ogni nostra attivit\u00e0 la piena soddisfazione del cliente.<\/span><\/p>\n<p style=\"text-align: justify;\"><img loading=\"lazy\" decoding=\"async\" class=\"aligncenter wp-image-32179 size-large\" src=\"https:\/\/www.cameraitalianabarcelona.com\/wp-content\/uploads\/2022\/09\/Natuzzi_Timeless-25052022-low-scaled-1024x724.jpg\" alt=\"\" width=\"1024\" height=\"724\" srcset=\"http:\/\/www.cameraitalianabarcelona.com\/wp-content\/uploads\/2022\/09\/Natuzzi_Timeless-25052022-low-1024x724.jpg 1024w, http:\/\/www.cameraitalianabarcelona.com\/wp-content\/uploads\/2022\/09\/Natuzzi_Timeless-25052022-low-scaled-300x212.jpg 300w, http:\/\/www.cameraitalianabarcelona.com\/wp-content\/uploads\/2022\/09\/Natuzzi_Timeless-25052022-low-768x543.jpg 768w, http:\/\/www.cameraitalianabarcelona.com\/wp-content\/uploads\/2022\/09\/Natuzzi_Timeless-25052022-low-1536x1086.jpg 1536w, http:\/\/www.cameraitalianabarcelona.com\/wp-content\/uploads\/2022\/09\/Natuzzi_Timeless-25052022-low-2048x1448.jpg 2048w, http:\/\/www.cameraitalianabarcelona.com\/wp-content\/uploads\/2022\/09\/Natuzzi_Timeless-25052022-low-330x233.jpg 330w, http:\/\/www.cameraitalianabarcelona.com\/wp-content\/uploads\/2022\/09\/Natuzzi_Timeless-25052022-low-1810x1280.jpg 1810w, http:\/\/www.cameraitalianabarcelona.com\/wp-content\/uploads\/2022\/09\/Natuzzi_Timeless-25052022-low-586x414.jpg 586w, http:\/\/www.cameraitalianabarcelona.com\/wp-content\/uploads\/2022\/09\/Natuzzi_Timeless-25052022-low-1280x905.jpg 1280w, http:\/\/www.cameraitalianabarcelona.com\/wp-content\/uploads\/2022\/09\/Natuzzi_Timeless-25052022-low-414x293.jpg 414w\" sizes=\"auto, (max-width: 1024px) 100vw, 1024px\" \/><\/p>\n<p style=\"text-align: justify;\"><span style=\"color: #000000;\">Natuzzi \u00e8 tra i maggiori investitori in ricerca e innovazione, su nuovi materiali strutturali ad alta tecnologia, imbottiture e fibre sostenibili innovative, meccanismi automatizzati ergonomici per offrire ai nostri clienti una profonda esperienza di benessere e armonia. Controllano una filiera che lega l&#8217;intero processo: dalla ricerca delle tendenze all&#8217;approvvigionamento dei materiali. Maestri artigiani realizzano i prodotti utilizzando tecnologie all&#8217;avanguardia, grazie all&#8217;esperienza maturata in oltre 60 anni di attivit\u00e0. Da sempre impegnata nella responsabilit\u00e0 sociale e nella sostenibilit\u00e0 ambientale, Natuzzi SpA \u00e8 certificata ISO 9001 e 14001 (Qualit\u00e0 ed Ambiente), ISO 45001 (Sicurezza nei luoghi di lavoro) e FSC \u00ae (Foreste e legno). Dal 2018, Pasquale Natuzzi Jr. \u00e8 direttore creativo di Natuzzi.<\/span><\/p>\n<p><img loading=\"lazy\" decoding=\"async\" class=\"aligncenter wp-image-32180 size-large\" src=\"https:\/\/www.cameraitalianabarcelona.com\/wp-content\/uploads\/2022\/09\/Natuzzi_Iago-27052022_PART-low-1024x1024.jpg\" alt=\"\" width=\"1024\" height=\"1024\" srcset=\"http:\/\/www.cameraitalianabarcelona.com\/wp-content\/uploads\/2022\/09\/Natuzzi_Iago-27052022_PART-low-1024x1024.jpg 1024w, http:\/\/www.cameraitalianabarcelona.com\/wp-content\/uploads\/2022\/09\/Natuzzi_Iago-27052022_PART-low-300x300.jpg 300w, http:\/\/www.cameraitalianabarcelona.com\/wp-content\/uploads\/2022\/09\/Natuzzi_Iago-27052022_PART-low-150x150.jpg 150w, http:\/\/www.cameraitalianabarcelona.com\/wp-content\/uploads\/2022\/09\/Natuzzi_Iago-27052022_PART-low-768x768.jpg 768w, http:\/\/www.cameraitalianabarcelona.com\/wp-content\/uploads\/2022\/09\/Natuzzi_Iago-27052022_PART-low-1536x1536.jpg 1536w, http:\/\/www.cameraitalianabarcelona.com\/wp-content\/uploads\/2022\/09\/Natuzzi_Iago-27052022_PART-low-2048x2048.jpg 2048w, http:\/\/www.cameraitalianabarcelona.com\/wp-content\/uploads\/2022\/09\/Natuzzi_Iago-27052022_PART-low-550x550.jpg 550w, http:\/\/www.cameraitalianabarcelona.com\/wp-content\/uploads\/2022\/09\/Natuzzi_Iago-27052022_PART-low-1100x1100.jpg 1100w, http:\/\/www.cameraitalianabarcelona.com\/wp-content\/uploads\/2022\/09\/Natuzzi_Iago-27052022_PART-low-500x500.jpg 500w, http:\/\/www.cameraitalianabarcelona.com\/wp-content\/uploads\/2022\/09\/Natuzzi_Iago-27052022_PART-low-225x225.jpg 225w, http:\/\/www.cameraitalianabarcelona.com\/wp-content\/uploads\/2022\/09\/Natuzzi_Iago-27052022_PART-low-200x200.jpg 200w, http:\/\/www.cameraitalianabarcelona.com\/wp-content\/uploads\/2022\/09\/Natuzzi_Iago-27052022_PART-low-400x400.jpg 400w, http:\/\/www.cameraitalianabarcelona.com\/wp-content\/uploads\/2022\/09\/Natuzzi_Iago-27052022_PART-low-260x260.jpg 260w, http:\/\/www.cameraitalianabarcelona.com\/wp-content\/uploads\/2022\/09\/Natuzzi_Iago-27052022_PART-low-600x600.jpg 600w, http:\/\/www.cameraitalianabarcelona.com\/wp-content\/uploads\/2022\/09\/Natuzzi_Iago-27052022_PART-low-1200x1200.jpg 1200w, http:\/\/www.cameraitalianabarcelona.com\/wp-content\/uploads\/2022\/09\/Natuzzi_Iago-27052022_PART-low-1280x1280.jpg 1280w, http:\/\/www.cameraitalianabarcelona.com\/wp-content\/uploads\/2022\/09\/Natuzzi_Iago-27052022_PART-low-414x414.jpg 414w, http:\/\/www.cameraitalianabarcelona.com\/wp-content\/uploads\/2022\/09\/Natuzzi_Iago-27052022_PART-low-scaled-60x60.jpg 60w\" sizes=\"auto, (max-width: 1024px) 100vw, 1024px\" \/><\/p>\n<p><span style=\"color: #000000;\">Per maggiori informazioni:<\/span><\/p>\n<p><span style=\"color: #000000;\">Visita la pagina web: <a href=\"http:\/\/www.natuzzi.com\/es\/es\/\"><strong>Natuzzi.com&nbsp;<\/strong><\/a><\/span><\/p>\n<p><span style=\"color: #000000;\">Scarica il<a href=\"https:\/\/www.cameraitalianabarcelona.com\/wp-content\/uploads\/2022\/09\/ES_NI_Presentation-Barcelona.pptx-1.pdf\"><strong> foglietto illustrativo<\/strong><\/a><\/span><\/p>\n","protected":false},"excerpt":{"rendered":"<p>Visione e passione di Pasquale Natuzzi: questa indomabile combinazione ha creato l\u2019azienda nel 1959. Oggi Natuzzi \u00e8 diventato uno dei principali player mondiali nella produzione e distribuzione di arredamento di design e di lusso: quel design italiano e la manifattura artigianale nella migliore tradizione Made in Italy, capace di intercettare il gusto di una larga [&hellip;]<\/p>\n","protected":false},"author":2,"featured_media":31918,"comment_status":"open","ping_status":"closed","sticky":false,"template":"","format":"standard","meta":{"_exactmetrics_skip_tracking":false,"_exactmetrics_sitenote_active":false,"_exactmetrics_sitenote_note":"","_exactmetrics_sitenote_category":0,"ngg_post_thumbnail":0,"footnotes":""},"categories":[11],"tags":[],"class_list":["post-32197","post","type-post","status-publish","format-standard","has-post-thumbnail","hentry","category-non-categorizzato"],"_links":{"self":[{"href":"http:\/\/www.cameraitalianabarcelona.com\/it\/wp-json\/wp\/v2\/posts\/32197","targetHints":{"allow":["GET"]}}],"collection":[{"href":"http:\/\/www.cameraitalianabarcelona.com\/it\/wp-json\/wp\/v2\/posts"}],"about":[{"href":"http:\/\/www.cameraitalianabarcelona.com\/it\/wp-json\/wp\/v2\/types\/post"}],"author":[{"embeddable":true,"href":"http:\/\/www.cameraitalianabarcelona.com\/it\/wp-json\/wp\/v2\/users\/2"}],"replies":[{"embeddable":true,"href":"http:\/\/www.cameraitalianabarcelona.com\/it\/wp-json\/wp\/v2\/comments?post=32197"}],"version-history":[{"count":1,"href":"http:\/\/www.cameraitalianabarcelona.com\/it\/wp-json\/wp\/v2\/posts\/32197\/revisions"}],"predecessor-version":[{"id":32198,"href":"http:\/\/www.cameraitalianabarcelona.com\/it\/wp-json\/wp\/v2\/posts\/32197\/revisions\/32198"}],"wp:featuredmedia":[{"embeddable":true,"href":"http:\/\/www.cameraitalianabarcelona.com\/it\/wp-json\/wp\/v2\/media\/31918"}],"wp:attachment":[{"href":"http:\/\/www.cameraitalianabarcelona.com\/it\/wp-json\/wp\/v2\/media?parent=32197"}],"wp:term":[{"taxonomy":"category","embeddable":true,"href":"http:\/\/www.cameraitalianabarcelona.com\/it\/wp-json\/wp\/v2\/categories?post=32197"},{"taxonomy":"post_tag","embeddable":true,"href":"http:\/\/www.cameraitalianabarcelona.com\/it\/wp-json\/wp\/v2\/tags?post=32197"}],"curies":[{"name":"wp","href":"https:\/\/api.w.org\/{rel}","templated":true}]}}