{"id":31335,"date":"2021-10-25T13:46:01","date_gmt":"2021-10-25T13:46:01","guid":{"rendered":"http:\/\/www.cameraitalianabarcelona.com\/?p=31335\/"},"modified":"2021-10-25T13:46:01","modified_gmt":"2021-10-25T13:46:01","slug":"everis-cambia-su-marca-a-ntt-data","status":"publish","type":"post","link":"http:\/\/www.cameraitalianabarcelona.com\/it\/2021\/10\/everis-cambia-su-marca-a-ntt-data\/","title":{"rendered":"EVERIS CAMBIA SU MARCA A NTT DATA"},"content":{"rendered":"<p><img loading=\"lazy\" decoding=\"async\" class=\"alignnone size-medium wp-image-31333 aligncenter\" src=\"http:\/\/www.cameraitalianabarcelona.com\/wp-content\/uploads\/2021\/10\/NTTDATA_-1-300x44.jpg\" alt=\"\" width=\"300\" height=\"44\" srcset=\"http:\/\/www.cameraitalianabarcelona.com\/wp-content\/uploads\/2021\/10\/NTTDATA_-1-300x44.jpg 300w, http:\/\/www.cameraitalianabarcelona.com\/wp-content\/uploads\/2021\/10\/NTTDATA_-1-1024x150.jpg 1024w, http:\/\/www.cameraitalianabarcelona.com\/wp-content\/uploads\/2021\/10\/NTTDATA_-1-768x113.jpg 768w, http:\/\/www.cameraitalianabarcelona.com\/wp-content\/uploads\/2021\/10\/NTTDATA_-1-330x48.jpg 330w, http:\/\/www.cameraitalianabarcelona.com\/wp-content\/uploads\/2021\/10\/NTTDATA_-1-736x108.jpg 736w, http:\/\/www.cameraitalianabarcelona.com\/wp-content\/uploads\/2021\/10\/NTTDATA_-1-414x61.jpg 414w, http:\/\/www.cameraitalianabarcelona.com\/wp-content\/uploads\/2021\/10\/NTTDATA_-1.jpg 1201w\" sizes=\"auto, (max-width: 300px) 100vw, 300px\" \/><\/p>\n<p>&nbsp;<\/p>\n<p style=\"text-align: justify;\"><span style=\"color: #000000;\"><em>NTT DATA es la sexta compa\u00f1\u00eda de servicios TI del mundo presente en m\u00e1s de 50 pa\u00edses, con casi 140.000 empleados y unos ingresos de 22.000 millones de d\u00f3lares.<\/em><\/span><\/p>\n<p>&nbsp;<\/p>\n<p><img loading=\"lazy\" decoding=\"async\" class=\"aligncenter wp-image-31336 size-full\" src=\"http:\/\/www.cameraitalianabarcelona.com\/wp-content\/uploads\/2021\/10\/G.jpg\" alt=\"\" width=\"600\" height=\"337\" srcset=\"http:\/\/www.cameraitalianabarcelona.com\/wp-content\/uploads\/2021\/10\/G.jpg 600w, http:\/\/www.cameraitalianabarcelona.com\/wp-content\/uploads\/2021\/10\/G-300x169.jpg 300w, http:\/\/www.cameraitalianabarcelona.com\/wp-content\/uploads\/2021\/10\/G-330x185.jpg 330w, http:\/\/www.cameraitalianabarcelona.com\/wp-content\/uploads\/2021\/10\/G-414x233.jpg 414w\" sizes=\"auto, (max-width: 600px) 100vw, 600px\" \/><\/p>\n<p style=\"text-align: justify;\"><span style=\"color: #000000;\"><strong>Madrid, 21 de octubre de 2021 \u2013 <\/strong>everis ha anunciado que cambia su marca por NTT DATA. La compa\u00f1\u00eda japonesa, propietaria de everis desde el a\u00f1o 2014, es la sexta compa\u00f1\u00eda de servicios TI del mundo seg\u00fan Gartner, est\u00e1 presente en m\u00e1s de 50 pa\u00edses, formada por cerca de 140.000 empleados y con unos ingresos de 22.000 millones de d\u00f3lares.<\/span><\/p>\n<p style=\"text-align: justify;\"><span style=\"color: #000000;\">Desde la adquisici\u00f3n de everis por parte de NTT DATA hace 7 a\u00f1os, ambas marcas han estado trabajando juntas para mejorar, fortalecer y hacer crecer el negocio en los mercados donde everis est\u00e1 presente. Con este cambio de marca efectuado en los 17 pa\u00edses en que everis ten\u00eda presencia, la compa\u00f1\u00eda seguir\u00e1 apostando por ofrecer a sus clientes una experiencia y visi\u00f3n locales respaldadas por mayores capacidades globales.<\/span><\/p>\n<p style=\"text-align: justify;\"><span style=\"color: #000000;\">everis, fundada hace 25 a\u00f1os, efect\u00faa este proceso de cambio de marca en l\u00ednea con la estrategia de crecimiento y de una \u00fanica marca global llevada a cabo por NTT DATA en todo el Grupo, con el objetivo de simplificar y fortalecer su organizaci\u00f3n con una identidad com\u00fan que refleja una <span style=\"text-decoration: line-through;\">la<\/span> visi\u00f3n compartida y permite una mayor colaboraci\u00f3n a nivel mundial.<\/span><\/p>\n<p style=\"text-align: justify;\"><span style=\"color: #000000;\">Este movimiento fortalece la marca NTT DATA, permiti\u00e9ndole aumentar su oferta&nbsp; de soluciones innovadoras y servicios de alta calidad a clientes de todo el mundo y acompa\u00f1arlos en su crecimiento y procesos de digitalizaci\u00f3n.<\/span><\/p>\n<p style=\"text-align: justify;\">&nbsp;<\/p>\n<p style=\"text-align: justify;\"><span style=\"color: #000000;\"><strong>Fritz Hoderlein, CEO de NTT DATA Europe &amp; Latam<\/strong> ha explicado que: <em>\u201ceste cambio de marca nos posiciona como una empresa m\u00e1s global, que continuara, como siempre acompa\u00f1ado de manera local y personalizada a nuestros clientes. Lo que empieza hoy supone una oportunidad para seguir marcando la diferencia, como NTT DATA, a trav\u00e9s de la tecnolog\u00eda y brindar la mejor trayectoria profesional para nuestra gente a nivel mundial\u201d.<\/em><\/span><\/p>\n<p style=\"text-align: justify;\">&nbsp;<\/p>\n<p style=\"text-align: justify;\"><span style=\"color: #000000;\"><strong>Sobre NTT DATA<\/strong><\/span><\/p>\n<p style=\"text-align: justify;\"><span style=\"color: #000000;\">NTT DATA, parte del Grupo NTT, es una compa\u00f1\u00eda innovadora global de servicios empresariales y de IT con sede en Tokio. La empresa ayuda a los clientes en su proceso de transformaci\u00f3n a trav\u00e9s de consultor\u00eda, soluciones industriales, servicios de procesos comerciales, modernizaci\u00f3n digital y de IT y servicios administrados. NTT DATA les permite a ellos, as\u00ed como a la sociedad, avanzar con confianza hacia el futuro digital. La compa\u00f1\u00eda demuestra su compromiso con el \u00e9xito a largo plazo de sus clientes, combinando el alcance global con la atenci\u00f3n local, para trabajar con ellos en m\u00e1s de 50 pa\u00edses de todo el mundo. Para saber m\u00e1s, visita nttdata.com.<\/span><\/p>\n<p style=\"text-align: justify;\">&nbsp;<\/p>\n<p style=\"text-align: justify;\"><span style=\"color: #000000;\"><strong><u>Contacto de comunicaci\u00f3n &#8211; NTT DATA<\/u><\/strong><\/span><\/p>\n<p style=\"text-align: justify;\"><span style=\"color: #000000;\"><strong>Cristina Cabeza <\/strong><strong><br \/>\n<\/strong><a style=\"color: #000000;\" href=\"mailto:cristina.cabeza.llata@everis.com\">cristina.cabeza.llata@nttdata.com<\/a><u><br \/>\n<\/u>T. 917 49 00 00 \/ +34 628 917 869<\/span><\/p>\n<p style=\"text-align: justify;\"><span style=\"color: #000000;\"><strong>Ezequiel Gonz\u00e1lez<\/strong><strong><br \/>\n<\/strong><u>ezequiel.gonzalez.campodonico@nttdata.com<br \/>\n<\/u>T. 917 49 00 00 \/ +34 648 06 63 30<\/span><\/p>\n","protected":false},"excerpt":{"rendered":"<p>&nbsp; NTT DATA es la sexta compa\u00f1\u00eda de servicios TI del mundo presente en m\u00e1s de 50 pa\u00edses, con casi 140.000 empleados y unos ingresos de 22.000 millones de d\u00f3lares. &nbsp; Madrid, 21 de octubre de 2021 \u2013 everis ha anunciado que cambia su marca por NTT DATA. La compa\u00f1\u00eda japonesa, propietaria de everis desde [&hellip;]<\/p>\n","protected":false},"author":2,"featured_media":31339,"comment_status":"open","ping_status":"closed","sticky":false,"template":"","format":"standard","meta":{"_exactmetrics_skip_tracking":false,"_exactmetrics_sitenote_active":false,"_exactmetrics_sitenote_note":"","_exactmetrics_sitenote_category":0,"ngg_post_thumbnail":0,"footnotes":""},"categories":[11],"tags":[],"class_list":["post-31335","post","type-post","status-publish","format-standard","has-post-thumbnail","hentry","category-non-categorizzato"],"_links":{"self":[{"href":"http:\/\/www.cameraitalianabarcelona.com\/it\/wp-json\/wp\/v2\/posts\/31335","targetHints":{"allow":["GET"]}}],"collection":[{"href":"http:\/\/www.cameraitalianabarcelona.com\/it\/wp-json\/wp\/v2\/posts"}],"about":[{"href":"http:\/\/www.cameraitalianabarcelona.com\/it\/wp-json\/wp\/v2\/types\/post"}],"author":[{"embeddable":true,"href":"http:\/\/www.cameraitalianabarcelona.com\/it\/wp-json\/wp\/v2\/users\/2"}],"replies":[{"embeddable":true,"href":"http:\/\/www.cameraitalianabarcelona.com\/it\/wp-json\/wp\/v2\/comments?post=31335"}],"version-history":[{"count":2,"href":"http:\/\/www.cameraitalianabarcelona.com\/it\/wp-json\/wp\/v2\/posts\/31335\/revisions"}],"predecessor-version":[{"id":31338,"href":"http:\/\/www.cameraitalianabarcelona.com\/it\/wp-json\/wp\/v2\/posts\/31335\/revisions\/31338"}],"wp:featuredmedia":[{"embeddable":true,"href":"http:\/\/www.cameraitalianabarcelona.com\/it\/wp-json\/wp\/v2\/media\/31339"}],"wp:attachment":[{"href":"http:\/\/www.cameraitalianabarcelona.com\/it\/wp-json\/wp\/v2\/media?parent=31335"}],"wp:term":[{"taxonomy":"category","embeddable":true,"href":"http:\/\/www.cameraitalianabarcelona.com\/it\/wp-json\/wp\/v2\/categories?post=31335"},{"taxonomy":"post_tag","embeddable":true,"href":"http:\/\/www.cameraitalianabarcelona.com\/it\/wp-json\/wp\/v2\/tags?post=31335"}],"curies":[{"name":"wp","href":"https:\/\/api.w.org\/{rel}","templated":true}]}}