{"id":30209,"date":"2020-10-06T15:06:26","date_gmt":"2020-10-06T15:06:26","guid":{"rendered":"http:\/\/www.cameraitalianabarcelona.com\/?p=30209\/"},"modified":"2020-10-08T12:55:09","modified_gmt":"2020-10-08T12:55:09","slug":"barcelona-expat-week-punto-di-incontro-del-talento-internazionale","status":"publish","type":"post","link":"http:\/\/www.cameraitalianabarcelona.com\/it\/2020\/10\/barcelona-expat-week-punto-di-incontro-del-talento-internazionale\/","title":{"rendered":"Barcelona Expat Week: punto di incontro del talento internazionale"},"content":{"rendered":"<p><img loading=\"lazy\" decoding=\"async\" class=\"aligncenter size-full wp-image-30136\" src=\"http:\/\/www.cameraitalianabarcelona.com\/wp-content\/uploads\/2020\/10\/PORTADA-555x312-es-ca.jpg\" alt=\"\" width=\"555\" height=\"312\" srcset=\"http:\/\/www.cameraitalianabarcelona.com\/wp-content\/uploads\/2020\/10\/PORTADA-555x312-es-ca.jpg 555w, http:\/\/www.cameraitalianabarcelona.com\/wp-content\/uploads\/2020\/10\/PORTADA-555x312-es-ca-300x169.jpg 300w, http:\/\/www.cameraitalianabarcelona.com\/wp-content\/uploads\/2020\/10\/PORTADA-555x312-es-ca-330x186.jpg 330w, http:\/\/www.cameraitalianabarcelona.com\/wp-content\/uploads\/2020\/10\/PORTADA-555x312-es-ca-414x233.jpg 414w\" sizes=\"auto, (max-width: 555px) 100vw, 555px\" \/><\/p>\n<p>&nbsp;<\/p>\n<p style=\"text-align: justify;\"><span style=\"color: #000000;\">Il Comune di Barcellona sta promuovendo una nuova piattaforma per collegare virtualmente i talenti internazionali della citt\u00e0 in tempi di pandemia.<\/span><br \/>\n<span style=\"color: #000000;\">La comunit\u00e0 internazionale della citt\u00e0 tiene un incontro virtuale quest&#8217;autunno grazie alla Barcelona Expat Week, che si terr\u00e0 tra il 19 e il 23 ottobre. Questo incontro digitale sostituir\u00e0 la International Community Day, l&#8217;evento annuale organizzato dal Comune di Barcellona per la comunit\u00e0 internazionale che vive e lavora nella citt\u00e0, che quest&#8217;anno non potr\u00e0 svolgersi a causa della Covid-19.<\/span><br \/>\n<span style=\"color: #000000;\">Questa iniziativa si avvarr\u00e0 di una nuova piattaforma virtuale collaborativa, intelligente e innovativa e avr\u00e0 un programma di attivit\u00e0 online e faccia a faccia che risponder\u00e0 ai principali interessi ed esigenze dei talenti internazionali di Barcellona.<\/span><br \/>\n<span style=\"color: #000000;\">L&#8217;incontro mira a promuovere i contatti e lo scambio, a condividere le conoscenze e a fornire informazioni sui servizi comunali e le risorse a disposizione degli espatriati a Barcellona per facilitare il loro processo di adattamento e raggiungere i loro obiettivi professionali nella citt\u00e0. Inoltre, la Barcelona Expat Week includer\u00e0 la partecipazione di persone e organizzazioni chiave nell&#8217;ecosistema di talenti internazionali della citt\u00e0.<\/span><\/p>\n<p>&nbsp;<\/p>\n<p><em><strong><span style=\"color: #000000;\">Conferenza di apertura della Settimana Expat di Barcellona:<\/span><\/strong><\/em><\/p>\n<p><em><strong><span style=\"color: #000000;\">Luned\u00ec 19 ottobre alle 9:00h<\/span><\/strong><\/em><\/p>\n<p style=\"text-align: justify;\"><span style=\"color: #000000;\">La Barcelona Expat Week inizier\u00e0 luned\u00ec 19 ottobre con il discorso di apertura 2020, l&#8217;anno che ha cambiato per sempre l&#8217;esperienza dei dipendenti, di Katerina Psychopaida, Practice Lead of Employee Engagement and Experience di Mercer Consulting.<\/span><\/p>\n<p style=\"text-align: justify;\"><span style=\"color: #000000;\">Esperta in gestione dei talenti, Katerina analizzer\u00e0 le conseguenze della pandemia di covid-19 per i dipendenti e quali sfide e opportunit\u00e0 per il futuro questo nuovo paradigma si apre per i talenti e le aziende di Barcellona. La sessione inaugurale comprender\u00e0 anche l&#8217;intervento del primo vicesindaco, Jaume Collboni, che spiegher\u00e0 come Barcellona si sta posizionando di fronte a questo nuovo scenario e quali iniziative il Comune offre ai talenti internazionali.<\/span><\/p>\n<p>&nbsp;<\/p>\n<p><span style=\"color: #000000;\"><strong><em>Cosa includer\u00e0 la Barcelona Expat Week?<\/em><\/strong><\/span><\/p>\n<p style=\"text-align: justify;\"><span style=\"color: #000000;\">Il programma delle attivit\u00e0 comprender\u00e0 workshop in videoconferenza in tempo reale dove verranno affrontati aspetti pratici e sar\u00e0 richiesta la partecipazione dei partecipanti, attivit\u00e0 dinamiche di networking e webinar con esperti e tavole rotonde. I workshop si concluderanno in un ambiente offline, con incontri faccia a faccia in luoghi emblematici della citt\u00e0 per promuovere lo scambio personale e con tutte le necessarie garanzie di sicurezza.<\/span><\/p>\n<p style=\"text-align: justify;\"><span style=\"color: #000000;\">Ogni giorno della settimana sar\u00e0 dedicato a un tema specifico. Cos\u00ec, durante tutta la settimana ci saranno discussioni su atterraggio personale, formazione e lavoro, talenti senza frontiere, come fare affari e imprenditorialit\u00e0 e come godersi e partecipare alla citt\u00e0.<\/span><\/p>\n<p>&nbsp;<\/p>\n<p>&nbsp;<\/p>\n<p style=\"text-align: center;\"><em><strong><span style=\"color: #000000;\">Ospiti della Barcelona Expat Week<\/span><\/strong><\/em><\/p>\n<p style=\"text-align: justify;\"><span style=\"color: #000000;\">Come l&#8217; International Community Day, anche la Barcelona Expat Week avr\u00e0 ospiti e hostess. Professionisti con diversi profili sono espatriati che hanno deciso di stabilirsi a Barcellona per realizzare i loro progetti di vita. <\/span><\/p>\n<p style=\"text-align: justify;\"><span style=\"color: #000000;\">Durante la settimana, questi padroni di casa condivideranno le loro esperienze e spiegheranno come sono riusciti a portare avanti i loro progetti professionali a Barcellona.<\/span><\/p>\n<p>&nbsp;<\/p>\n<p style=\"text-align: justify;\"><span style=\"color: #000000;\"><strong><a style=\"color: #000000;\" href=\"https:\/\/www.youtube.com\/watch?v=bX9M3GRJ2KE&amp;list=PLGqsHW77DVq90Rxwi3BUJhhzxE7LxYAhA&amp;index=8\">Andrew Funk<\/a> <\/strong>viene dagli Stati Uniti e si trova a Barcellona da 17 anni. Qui ha iniziato a dare lezioni di inglese e ha persino fondato la sua accademia. Ma dopo una crisi economica, ha fatto una svolta professionale e vitale per creare Homeless Entrepreneur, un&#8217;associazione che lavora per aiutare i senzatetto a reinserirsi nel mondo del lavoro. Ne parler\u00e0 alla Settimana Expat di Barcellona, dove presenter\u00e0 questo progetto che mescola imprenditorialit\u00e0 e giustizia sociale.<\/span><\/p>\n<p style=\"text-align: justify;\"><span style=\"color: #000000;\"><a style=\"color: #000000;\" href=\"https:\/\/youtu.be\/XokF1LixiGs\"><strong>Aleksandar Ivancic<\/strong><\/a> \u00e8 un ingegnere e ricercatore nel campo delle energie rinnovabili. \u00c8 arrivato a Barcellona nel 1991 dalla Serbia con la moglie e il primo figlio. In questi quasi 30 anni ha sviluppato la sua carriera nel campo dei sistemi energetici e dell&#8217;ambiente a Barcellona, dove lavora come professore al Master di Architettura dell&#8217;Universit\u00e0 La Salle. Mercoled\u00ec parteciper\u00e0 alla Settimana Expat di Barcellona con una presentazione incentrata sulla ricerca all&#8217;avanguardia, un valore strategico all&#8217;interno dell&#8217;economia della citt\u00e0.<\/span><\/p>\n<p style=\"text-align: justify;\"><span style=\"color: #000000;\">Dalla Germania \u00e8 arrivato <a style=\"color: #000000;\" href=\"https:\/\/www.youtube.com\/watch?v=F4T0C5tTF_0&amp;list=PLGqsHW77DVq90Rxwi3BUJhhzxE7LxYAhA&amp;index=8\"><strong>Christoph Himmelskamp<\/strong><\/a> vent&#8217;anni fa. Originario di una piccola citt\u00e0 vicino a Brema, questo avvocato si \u00e8 stabilito a Barcellona nel 2000 ed \u00e8 attualmente direttore dell&#8217;ufficio di Barcellona di R\u00f6edl &amp; Partners. \u00c8 padre di quattro figli, che hanno tutti studiato alla scuola tedesca, di cui \u00e8 stato presidente onorario. Gioved\u00ec 22 ottobre parler\u00e0 di &#8220;Barcellona, citt\u00e0 delle opportunit\u00e0&#8221; nell&#8217;omonimo discorso nell&#8217;ambito della Barcelona Expat Week.<\/span><\/p>\n<p style=\"text-align: justify;\"><span style=\"color: #000000;\">La creativit\u00e0 segna il percorso di vita di <a style=\"color: #000000;\" href=\"https:\/\/youtu.be\/UUEeaE5-kk0\"><strong>Karlijn Surminski<\/strong><\/a>. Innamorata di Pablo Picasso e di Barcellona, ha deciso di stabilirsi qui 13 anni fa e ha lasciato l&#8217;Olanda, dove \u00e8 nata. Questo artista olandese si dedica alla pittura e tiene anche corsi d&#8217;arte per bambini e adulti. Condivider\u00e0 l&#8217;ispirazione che trova a Barcellona in una sessione online venerd\u00ec 23 ottobre.<\/span><\/p>\n<p style=\"text-align: justify;\"><span style=\"color: #000000;\">Un profilo molto diverso \u00e8 quello di <strong><a style=\"color: #000000;\" href=\"https:\/\/youtu.be\/ONSAEVTLSp8\">Lynn Wong<\/a><\/strong>. Nata a Singapore, ha vissuto in grandi citt\u00e0 come Los Angeles e Parigi fino al 1999, quando \u00e8 arrivata a Barcellona e ha deciso di rimanere. La sua carriera si muove tra business e comunicazione ed \u00e8 co-fondatrice del Grupo Eventoplus, specializzato nell&#8217;organizzazione di eventi su larga scala. Lynn parteciper\u00e0 a un webinar sull&#8217;imprenditoria femminile, che vedr\u00e0 la partecipazione di altri nomi influenti come Mar Alarc\u00f3n (Socialcar).<\/span><\/p>\n<p style=\"text-align: justify;\"><span style=\"color: #000000;\"><strong><a style=\"color: #000000;\" href=\"https:\/\/youtu.be\/YZ7jFm7bRY8\">Patricia Radovic<\/a> <\/strong>\u00e8 ci\u00f2 che si potrebbe considerare una donna di mondo. Nata in Per\u00f9, ha origini italiane ed \u00e8 attualmente Segretario Generale della Casa degli Italiani di Barcellona, la pi\u00f9 antica entit\u00e0 italiana all&#8217;estero nel mondo. Patricia ha vissuto in diversi paesi ed \u00e8 approdata a Barcellona nel 2000, dove ha sviluppato la sua carriera nel settore della comunicazione e del marketing in diversi progetti artistici, musicali e culturali come il Forum delle Culture nel 2004. Condivider\u00e0 la sua esperienza venerd\u00ec 23 ottobre nel pomeriggio nell&#8217;attivit\u00e0 &#8220;Conoscere Barcellona attraverso la sua gente&#8221; insieme ad altri due padroni di casa.<\/span><\/p>\n<p style=\"text-align: justify;\"><span style=\"color: #000000;\">I talenti digitali sono numerosi tra la comunit\u00e0 straniera che vive a Barcellona. Il francese <a style=\"color: #000000;\" href=\"https:\/\/youtu.be\/-hdkTmRgIdM\"><strong>Ronan Bardet<\/strong><\/a> fa parte di questo gruppo in quanto accumula pi\u00f9 di quindici anni di carriera come professionista del commercio elettronico. Esperto nella ricerca di soluzioni tecnologiche nell&#8217;e-commerce per i rivenditori, ha collaborato con aziende leader del settore come Pixmania fino a quando ha deciso di fondare la comunit\u00e0 del commercio elettronico Club Ecommerce ed EGI Booster, un acceleratore commerciale focalizzato sulle aziende e le start-up di questo settore in forte espansione. Ronan parler\u00e0 delle opportunit\u00e0 di lavoro per i talenti digitali di Barcellona in una tavola rotonda con altri professionisti marted\u00ec 20 ottobre.<\/span><\/p>\n<p><span style=\"color: #000000;\">La svedese<strong> <a style=\"color: #000000;\" href=\"https:\/\/youtu.be\/khs1a4v0KRw\">Sara Larsson<\/a> <\/strong>\u00e8 arrivata a Barcellona vent&#8217;anni fa con l&#8217;intenzione di viaggiare per il mondo, e si \u00e8 sentita cos\u00ec a suo agio che ha deciso di stabilirsi qui. A Barcellona ha saputo unire le sue due grandi passioni: la fotografia e la gastronomia.&nbsp;Professionalmente si dedica alla fotografia di prodotto, gastronomica e di still life e la condivide con Instagram, dove \u00e8 seguita da una grande comunit\u00e0 che continua a crescere. Condivider\u00e0 la sua visione della citt\u00e0 nell&#8217;attivit\u00e0 &#8220;Conoscere Barcellona attraverso la sua gente&#8221; dove, con lei, potremo scoprire angoli segreti e, sicuramente, molto fotografici.<\/span><\/p>\n<p style=\"text-align: justify;\"><span style=\"color: #000000;\">Infine,<strong> <a style=\"color: #000000;\" href=\"https:\/\/youtu.be\/DYb6KfzuLcs\">Lucre Mba Ndong<\/a> <\/strong>proviene dalla Guinea Equatoriale. \u00c8 arrivata a Barcellona quando era ancora una bambina, ma non ha mai perso le sue radici. Al contrario, ha dedicato la sua carriera professionale alla diffusione e alla dignit\u00e0 della cultura africana. \u00c8 co-fondatrice dell&#8217;associazione SOS Africa e ideatrice dell&#8217;Africa Fashion Week Barcelona 2012, evento che \u00e8 diventato un punto di riferimento per la moda africana nel mondo. Lucre contribuir\u00e0 con il suo punto di vista nella stessa tavola rotonda di Sara Larsson e Patricia Radovic. Moderata da Mar\u00eda Jos\u00e9 G\u00f3mez, direttrice della rivista leader nel tempo libero e nella cultura Timeout Barcelona, chiuder\u00e0 una&nbsp;<\/span><span style=\"color: #000000;\">Barcelona <\/span><span style=\"color: #000000;\">Expat Week molto completa.<\/span><\/p>\n<p>&nbsp;<\/p>\n<p style=\"text-align: justify;\"><img loading=\"lazy\" decoding=\"async\" class=\"aligncenter size-full wp-image-30137\" src=\"http:\/\/www.cameraitalianabarcelona.com\/wp-content\/uploads\/2020\/10\/Amfitrions.jpg\" alt=\"\" width=\"760\" height=\"428\" srcset=\"http:\/\/www.cameraitalianabarcelona.com\/wp-content\/uploads\/2020\/10\/Amfitrions.jpg 760w, http:\/\/www.cameraitalianabarcelona.com\/wp-content\/uploads\/2020\/10\/Amfitrions-300x169.jpg 300w, http:\/\/www.cameraitalianabarcelona.com\/wp-content\/uploads\/2020\/10\/Amfitrions-330x186.jpg 330w, http:\/\/www.cameraitalianabarcelona.com\/wp-content\/uploads\/2020\/10\/Amfitrions-736x414.jpg 736w, http:\/\/www.cameraitalianabarcelona.com\/wp-content\/uploads\/2020\/10\/Amfitrions-414x233.jpg 414w\" sizes=\"auto, (max-width: 760px) 100vw, 760px\" \/><\/p>\n<p>&nbsp;<\/p>\n<p style=\"text-align: center;\"><span style=\"color: #000000;\"><strong>Il Programma<\/strong><\/span><\/p>\n<p style=\"text-align: justify;\"><span style=\"color: #000000;\">La Barcelona Expat Week ha un formato ibrido, dove la maggior parte delle attivit\u00e0 sono digitali e sono organizzate in base al tipo di attivit\u00e0 e al tema. Cos\u00ec, ogni giorno della settimana tratter\u00e0 un argomento specifico e avr\u00e0 diversi blocchi di attivit\u00e0 raggruppati per tipologia.<\/span><\/p>\n<p style=\"text-align: justify;\"><span style=\"color: #000000;\"><span style=\"text-decoration: underline;\">Luned\u00ec 19<\/span> sar\u00e0 dedicato all&#8217;atterraggio personale e ci saranno conferenze dove verranno date informazioni utili per chi \u00e8 appena arrivato a Barcellona. Vi spiegheremo, ad esempio, come aprire un conto in banca, come cercare un appartamento o come trovare la scuola perfetta per i vostri figli.<\/span><\/p>\n<p style=\"text-align: justify;\"><span style=\"color: #000000;\">Il lavoro e la formazione saranno il leitmotiv della sessione di <span style=\"text-decoration: underline;\">marted\u00ec<\/span>, poich\u00e9 la situazione attuale ha portato a un importante cambiamento di paradigma nel nostro modo di lavorare e di cercare lavoro. I partecipanti potranno ricevere consigli su come trovare lavoro attraverso Linkedln o imparare le chiavi del telelavoro, tra le altre cose.<\/span><\/p>\n<p style=\"text-align: justify;\"><span style=\"color: #000000;\"><span style=\"text-decoration: underline;\">Mercoled\u00ec<\/span> sar\u00e0 il giorno in cui si parler\u00e0 di talenti senza frontiere a Barcellona. Per tutta la giornata ci saranno diversi colloqui e tavole rotonde su come massimizzare e incoraggiare i talenti nella nostra citt\u00e0. Inoltre, una parte della giornata sar\u00e0 dedicata a parlare delle reti professionali femminili e dell&#8217;imprenditoria femminile.<\/span><\/p>\n<p style=\"text-align: justify;\"><span style=\"color: #000000;\"><span style=\"text-decoration: underline;\">Gioved\u00ec<\/span> sar\u00e0 dedicato al fare business e all&#8217;imprenditorialit\u00e0 a Barcellona, con conferenze e webinar dove verranno analizzate le risorse per creare un&#8217;azienda nella citt\u00e0. Per esempio, si terranno workshop per condividere le chiavi dell&#8217;imprenditorialit\u00e0 a Barcellona e come cercare finanziamenti, e anche per parlare dell&#8217;importanza della cultura del fallimento, tra le altre cose.<\/span><\/p>\n<p style=\"text-align: justify;\"><span style=\"color: #000000;\">L&#8217;ultimo giorno, <span style=\"text-decoration: underline;\">venerd\u00ec 23<\/span>, sar\u00e0 dedicato alla scoperta della citt\u00e0 e alla conoscenza del potenziale culturale di Barcellona. Durante tutta la giornata ci saranno attivit\u00e0 che cercheranno di ispirare i partecipanti e mostrare tutte le possibilit\u00e0 offerte dalla citt\u00e0 ai suoi abitanti.<\/span><\/p>\n<p style=\"text-align: justify;\"><span style=\"color: #000000;\">Ogni giornata inizier\u00e0 con workshop online e in tempo reale dove verranno discussi vari aspetti pratici. La giornata proseguir\u00e0 con &#8220;Meet &amp; Share&#8221;, sessioni interattive in diretta con esperti, testimoni e altre persone interessanti per imparare, discutere e dialogare su vari argomenti. I pomeriggi saranno riservati ai webinar, ovvero a conferenze e tavole rotonde trasmesse in digitale e in tempo reale.<\/span><\/p>\n<p style=\"text-align: justify;\"><span style=\"color: #000000;\">Inoltre, ogni pomeriggio \u00e8 previsto un incontro faccia a faccia in diversi edifici emblematici della citt\u00e0 per favorire lo scambio personale. A causa delle circostanze, tuttavia, la capacit\u00e0 sar\u00e0 limitata e ci sar\u00e0 una pre-registrazione solo se la situazione, condizionata dalla Covidien-19, lo permette.<\/span><\/p>\n<p>Registrati ora gratuitamente visitando questo link:<\/p>\n<p><a href=\"https:\/\/barcelonaexpatweek.copernic.tech\/en\/landing\/expatweek?utm_source=CameraItaliana&amp;utm_medium=PremsaExpats&amp;utm_content=Emailing&amp;utm_term=BEW01&amp;utm_campaign=BEW_2020\">https:\/\/barcelonaexpatweek.copernic.tech\/en\/landing\/expatweek?utm_source=CameraItaliana&amp;utm_medium=PremsaExpats&amp;utm_content=Emailing&amp;utm_term=BEW01&amp;utm_campaign=BEW_2020<\/a><\/p>\n","protected":false},"excerpt":{"rendered":"<p>&nbsp; Il Comune di Barcellona sta promuovendo una nuova piattaforma per collegare virtualmente i talenti internazionali della citt\u00e0 in tempi di pandemia. La comunit\u00e0 internazionale della citt\u00e0 tiene un incontro virtuale quest&#8217;autunno grazie alla Barcelona Expat Week, che si terr\u00e0 tra il 19 e il 23 ottobre. Questo incontro digitale sostituir\u00e0 la International Community Day, [&hellip;]<\/p>\n","protected":false},"author":2,"featured_media":30241,"comment_status":"open","ping_status":"closed","sticky":false,"template":"","format":"standard","meta":{"_exactmetrics_skip_tracking":false,"_exactmetrics_sitenote_active":false,"_exactmetrics_sitenote_note":"","_exactmetrics_sitenote_category":0,"ngg_post_thumbnail":0,"footnotes":""},"categories":[11],"tags":[],"class_list":["post-30209","post","type-post","status-publish","format-standard","has-post-thumbnail","hentry","category-non-categorizzato"],"_links":{"self":[{"href":"http:\/\/www.cameraitalianabarcelona.com\/it\/wp-json\/wp\/v2\/posts\/30209","targetHints":{"allow":["GET"]}}],"collection":[{"href":"http:\/\/www.cameraitalianabarcelona.com\/it\/wp-json\/wp\/v2\/posts"}],"about":[{"href":"http:\/\/www.cameraitalianabarcelona.com\/it\/wp-json\/wp\/v2\/types\/post"}],"author":[{"embeddable":true,"href":"http:\/\/www.cameraitalianabarcelona.com\/it\/wp-json\/wp\/v2\/users\/2"}],"replies":[{"embeddable":true,"href":"http:\/\/www.cameraitalianabarcelona.com\/it\/wp-json\/wp\/v2\/comments?post=30209"}],"version-history":[{"count":3,"href":"http:\/\/www.cameraitalianabarcelona.com\/it\/wp-json\/wp\/v2\/posts\/30209\/revisions"}],"predecessor-version":[{"id":30217,"href":"http:\/\/www.cameraitalianabarcelona.com\/it\/wp-json\/wp\/v2\/posts\/30209\/revisions\/30217"}],"wp:featuredmedia":[{"embeddable":true,"href":"http:\/\/www.cameraitalianabarcelona.com\/it\/wp-json\/wp\/v2\/media\/30241"}],"wp:attachment":[{"href":"http:\/\/www.cameraitalianabarcelona.com\/it\/wp-json\/wp\/v2\/media?parent=30209"}],"wp:term":[{"taxonomy":"category","embeddable":true,"href":"http:\/\/www.cameraitalianabarcelona.com\/it\/wp-json\/wp\/v2\/categories?post=30209"},{"taxonomy":"post_tag","embeddable":true,"href":"http:\/\/www.cameraitalianabarcelona.com\/it\/wp-json\/wp\/v2\/tags?post=30209"}],"curies":[{"name":"wp","href":"https:\/\/api.w.org\/{rel}","templated":true}]}}