{"id":29471,"date":"2019-12-16T10:19:16","date_gmt":"2019-12-16T10:19:16","guid":{"rendered":"http:\/\/www.cameraitalianabarcelona.com\/?p=29471\/"},"modified":"2019-12-16T10:19:16","modified_gmt":"2019-12-16T10:19:16","slug":"artigiano-in-fiera-si-conferma-leader-internazionale-nel-settore","status":"publish","type":"post","link":"http:\/\/www.cameraitalianabarcelona.com\/it\/2019\/12\/artigiano-in-fiera-si-conferma-leader-internazionale-nel-settore\/","title":{"rendered":"&#8220;ARTIGIANO IN FIERA&#8221; SI CONFERMA LEADER INTERNAZIONALE NEL SETTORE"},"content":{"rendered":"<p><img loading=\"lazy\" decoding=\"async\" class=\"aligncenter size-large wp-image-29405\" src=\"http:\/\/www.cameraitalianabarcelona.com\/wp-content\/uploads\/2019\/11\/artigiano-1024x677.jpg\" alt=\"\" width=\"1024\" height=\"677\" srcset=\"http:\/\/www.cameraitalianabarcelona.com\/wp-content\/uploads\/2019\/11\/artigiano-1024x677.jpg 1024w, http:\/\/www.cameraitalianabarcelona.com\/wp-content\/uploads\/2019\/11\/artigiano-300x198.jpg 300w, http:\/\/www.cameraitalianabarcelona.com\/wp-content\/uploads\/2019\/11\/artigiano-768x508.jpg 768w, http:\/\/www.cameraitalianabarcelona.com\/wp-content\/uploads\/2019\/11\/artigiano-1536x1015.jpg 1536w, http:\/\/www.cameraitalianabarcelona.com\/wp-content\/uploads\/2019\/11\/artigiano-150x100.jpg 150w, http:\/\/www.cameraitalianabarcelona.com\/wp-content\/uploads\/2019\/11\/artigiano-330x218.jpg 330w, http:\/\/www.cameraitalianabarcelona.com\/wp-content\/uploads\/2019\/11\/artigiano-1920x1269.jpg 1920w, http:\/\/www.cameraitalianabarcelona.com\/wp-content\/uploads\/2019\/11\/artigiano-626x414.jpg 626w, http:\/\/www.cameraitalianabarcelona.com\/wp-content\/uploads\/2019\/11\/artigiano-1280x846.jpg 1280w, http:\/\/www.cameraitalianabarcelona.com\/wp-content\/uploads\/2019\/11\/artigiano-414x274.jpg 414w, http:\/\/www.cameraitalianabarcelona.com\/wp-content\/uploads\/2019\/11\/artigiano-600x396.jpg 600w, http:\/\/www.cameraitalianabarcelona.com\/wp-content\/uploads\/2019\/11\/artigiano.jpg 2000w\" sizes=\"auto, (max-width: 1024px) 100vw, 1024px\" \/><\/p>\n<p><span style=\"color: #000000;\">Artigiano in Fiera, giunta al termine della sua 24 esima edizione, si conferma come la pi\u00f9 grande fiera al mondo delle arti e dei mestieri, con una straordinaria risposta di pubblico.<\/span><\/p>\n<p><span style=\"color: #000000;\">Oltre 1 milione di persone hanno potuto incontrare anche pi\u00f9 volte, nelle diverse giornate di fiera, gli oltre 3.000 artigiani presenti da tutto il mondo.<\/span><\/p>\n<p><span style=\"color: #000000;\">Lo slogan dell\u2019anno: \u201c<strong>Piacere di conoscerti\u201d <\/strong>si \u00e8 concretizzato in migliaia e migliaia di incontri, in un clima di assoluta positivit\u00e0, che hanno messo al centro la persona. Proprio questo, che \u00e8 il cuore e la ragione per cui Artigiano in Fiera \u00e8 nata, \u00e8 stato pi\u00f9 che mai visibile ed evidente.<\/span><\/p>\n<p><span style=\"color: #000000;\">Il <strong>Pass gratuito <\/strong>\u00e8 stato scaricato preventivamente dal 93% di tutti i visitatori, permettendoci cos\u00ec di preparare per tempo la migliore accoglienza di sempre.<\/span><\/p>\n<p><span style=\"color: #000000;\">Anche l\u2019apparato di sicurezza, realizzato su \u201cmodello aeroportuale\u201d ha permesso a tutti di accedere ai controlli con code massime di pochi minuti. Di tutto questo lavoro bisogna dare un particolare e pubblico ringraziamento alla grande collaborazione da parte di tutte le Forze dell\u2019Ordine &#8211; Polizia, Guardia di Finanza, Carabinieri, NAS, ATS e di Fiera Milano.<\/span><\/p>\n<p><span style=\"color: #000000;\">Sono circa 200.000 le persone che hanno scaricato <strong>l\u2019App <\/strong>che, introdotta per la prima volta al mondo nell\u2019ambito di un evento fieristico, ha dato la possibilit\u00e0 di cercare e ritrovare tutti gli artigiani, fino ad essere guidati all\u2019interno dei padiglioni.<\/span><\/p>\n<p><span style=\"color: #000000;\">Il prossimo sar\u00e0 un anno eccezionale perch\u00e9 ricorrer\u00e0 il <strong>25esimo anniversario di Artigiano in Fiera <\/strong>e i 100 anni di Fieramilano. Continueremo quindi a lavorare precisando ulteriormente le innovazioni sperimentate e portando ad ulteriore maturazione ci\u00f2 che l\u2019evento gi\u00e0 rappresenta: la pi\u00f9 grande esposizione internazionale delle Arti, dei Mestieri e delle Culture di tutto il mondo.<\/span><\/p>\n","protected":false},"excerpt":{"rendered":"<p>Artigiano in Fiera, giunta al termine della sua 24 esima edizione, si conferma come la pi\u00f9 grande fiera al mondo delle arti e dei mestieri, con una straordinaria risposta di pubblico. Oltre 1 milione di persone hanno potuto incontrare anche pi\u00f9 volte, nelle diverse giornate di fiera, gli oltre 3.000 artigiani presenti da tutto il [&hellip;]<\/p>\n","protected":false},"author":2,"featured_media":29405,"comment_status":"open","ping_status":"closed","sticky":false,"template":"","format":"standard","meta":{"_exactmetrics_skip_tracking":false,"_exactmetrics_sitenote_active":false,"_exactmetrics_sitenote_note":"","_exactmetrics_sitenote_category":0,"ngg_post_thumbnail":0,"footnotes":""},"categories":[11],"tags":[],"class_list":["post-29471","post","type-post","status-publish","format-standard","has-post-thumbnail","hentry","category-non-categorizzato"],"_links":{"self":[{"href":"http:\/\/www.cameraitalianabarcelona.com\/it\/wp-json\/wp\/v2\/posts\/29471","targetHints":{"allow":["GET"]}}],"collection":[{"href":"http:\/\/www.cameraitalianabarcelona.com\/it\/wp-json\/wp\/v2\/posts"}],"about":[{"href":"http:\/\/www.cameraitalianabarcelona.com\/it\/wp-json\/wp\/v2\/types\/post"}],"author":[{"embeddable":true,"href":"http:\/\/www.cameraitalianabarcelona.com\/it\/wp-json\/wp\/v2\/users\/2"}],"replies":[{"embeddable":true,"href":"http:\/\/www.cameraitalianabarcelona.com\/it\/wp-json\/wp\/v2\/comments?post=29471"}],"version-history":[{"count":1,"href":"http:\/\/www.cameraitalianabarcelona.com\/it\/wp-json\/wp\/v2\/posts\/29471\/revisions"}],"predecessor-version":[{"id":29472,"href":"http:\/\/www.cameraitalianabarcelona.com\/it\/wp-json\/wp\/v2\/posts\/29471\/revisions\/29472"}],"wp:featuredmedia":[{"embeddable":true,"href":"http:\/\/www.cameraitalianabarcelona.com\/it\/wp-json\/wp\/v2\/media\/29405"}],"wp:attachment":[{"href":"http:\/\/www.cameraitalianabarcelona.com\/it\/wp-json\/wp\/v2\/media?parent=29471"}],"wp:term":[{"taxonomy":"category","embeddable":true,"href":"http:\/\/www.cameraitalianabarcelona.com\/it\/wp-json\/wp\/v2\/categories?post=29471"},{"taxonomy":"post_tag","embeddable":true,"href":"http:\/\/www.cameraitalianabarcelona.com\/it\/wp-json\/wp\/v2\/tags?post=29471"}],"curies":[{"name":"wp","href":"https:\/\/api.w.org\/{rel}","templated":true}]}}