{"id":28998,"date":"2019-10-01T11:37:34","date_gmt":"2019-10-01T11:37:34","guid":{"rendered":"http:\/\/www.cameraitalianabarcelona.com\/?p=28998\/"},"modified":"2019-10-01T13:03:50","modified_gmt":"2019-10-01T13:03:50","slug":"fiera-homi-settembre-2019","status":"publish","type":"post","link":"http:\/\/www.cameraitalianabarcelona.com\/it\/2019\/10\/fiera-homi-settembre-2019\/","title":{"rendered":"FIERA HOMI SETTEMBRE 2019"},"content":{"rendered":"<p><span style=\"color: #000000;\">Lo scorso 16 settembre si \u00e8 conclusa l\u2019edizione autunnale di Homi Milano, evento di riferimento in Italia e di rilevanza internazionale, dedicato alla casa e alla persona.<\/span><\/p>\n<p><span style=\"color: #000000;\">La Camera di Commercio Italiana ha organizzato per l\u2019occasione una delegazione di 20 buyer professionisti provenienti da tutto il territorio spagnolo, che hanno avuto la possibilit\u00e0 di visitare la fiera e organizzare un\u2019agenda di incontri B2B con gli espositori presenti all\u2019evento, moltiplicando cos\u00ec le occasioni di affari per entrambi gli attori.<\/span><\/p>\n<p><span style=\"color: #000000;\">Ancora una volta HOMI conferma un format collaudato, con appuntamenti di riferimento gi\u00e0 affermati, che si rinnovano edizione dopo edizione: in questo modo la manifestazione si dimostra sempre in grado di rappresentare l\u2019evoluzione degli stili, coniugando elementi di tradizione e innovazione in un mondo in perenne mutamento.<\/span><\/p>\n<p><span style=\"color: #000000;\">In questa edizione \u00e8 stato presentato il nuovo format innovativo che ha visto la realizzazione di Homi Outdoor: la nuova realt\u00e0 espositiva che offrir\u00e0 una proposta completa di arredi, complementi e decorazioni pensati per vivere al meglio non solo l\u2019ambiente domestico, ma anche gli spazi all\u2019aria aperta; e HOMI Fashion&amp;Jewels, l\u2019appuntamento unico in Italia dedicato al mondo del bijoux e dell\u2019accessorio moda.<\/span><\/p>\n","protected":false},"excerpt":{"rendered":"<p>Lo scorso 16 settembre si \u00e8 conclusa l\u2019edizione autunnale di Homi Milano, evento di riferimento in Italia e di rilevanza internazionale, dedicato alla casa e alla persona. La Camera di Commercio Italiana ha organizzato per l\u2019occasione una delegazione di 20 buyer professionisti provenienti da tutto il territorio spagnolo, che hanno avuto la possibilit\u00e0 di visitare [&hellip;]<\/p>\n","protected":false},"author":2,"featured_media":28993,"comment_status":"open","ping_status":"closed","sticky":false,"template":"","format":"standard","meta":{"_exactmetrics_skip_tracking":false,"_exactmetrics_sitenote_active":false,"_exactmetrics_sitenote_note":"","_exactmetrics_sitenote_category":0,"ngg_post_thumbnail":0,"footnotes":""},"categories":[11],"tags":[],"class_list":["post-28998","post","type-post","status-publish","format-standard","has-post-thumbnail","hentry","category-non-categorizzato"],"_links":{"self":[{"href":"http:\/\/www.cameraitalianabarcelona.com\/it\/wp-json\/wp\/v2\/posts\/28998","targetHints":{"allow":["GET"]}}],"collection":[{"href":"http:\/\/www.cameraitalianabarcelona.com\/it\/wp-json\/wp\/v2\/posts"}],"about":[{"href":"http:\/\/www.cameraitalianabarcelona.com\/it\/wp-json\/wp\/v2\/types\/post"}],"author":[{"embeddable":true,"href":"http:\/\/www.cameraitalianabarcelona.com\/it\/wp-json\/wp\/v2\/users\/2"}],"replies":[{"embeddable":true,"href":"http:\/\/www.cameraitalianabarcelona.com\/it\/wp-json\/wp\/v2\/comments?post=28998"}],"version-history":[{"count":3,"href":"http:\/\/www.cameraitalianabarcelona.com\/it\/wp-json\/wp\/v2\/posts\/28998\/revisions"}],"predecessor-version":[{"id":29001,"href":"http:\/\/www.cameraitalianabarcelona.com\/it\/wp-json\/wp\/v2\/posts\/28998\/revisions\/29001"}],"wp:featuredmedia":[{"embeddable":true,"href":"http:\/\/www.cameraitalianabarcelona.com\/it\/wp-json\/wp\/v2\/media\/28993"}],"wp:attachment":[{"href":"http:\/\/www.cameraitalianabarcelona.com\/it\/wp-json\/wp\/v2\/media?parent=28998"}],"wp:term":[{"taxonomy":"category","embeddable":true,"href":"http:\/\/www.cameraitalianabarcelona.com\/it\/wp-json\/wp\/v2\/categories?post=28998"},{"taxonomy":"post_tag","embeddable":true,"href":"http:\/\/www.cameraitalianabarcelona.com\/it\/wp-json\/wp\/v2\/tags?post=28998"}],"curies":[{"name":"wp","href":"https:\/\/api.w.org\/{rel}","templated":true}]}}