{"id":28179,"date":"2019-04-29T09:24:02","date_gmt":"2019-04-29T09:24:02","guid":{"rendered":"http:\/\/www.cameraitalianabarcelona.com\/?p=28179\/"},"modified":"2019-04-29T09:24:02","modified_gmt":"2019-04-29T09:24:02","slug":"conosci-i-nostri-soci-intervista-a-laura-pedreno","status":"publish","type":"post","link":"http:\/\/www.cameraitalianabarcelona.com\/it\/2019\/04\/conosci-i-nostri-soci-intervista-a-laura-pedreno\/","title":{"rendered":"CONOSCI I NOSTRI SOCI: INTERVISTA A LAURA PEDRE\u00d1O"},"content":{"rendered":"<p><a href=\"http:\/\/www.cameraitalianabarcelona.com\/wp-content\/uploads\/2019\/04\/5628677aa5593f7ab6ce49033ab983e5.jpg\"><img loading=\"lazy\" decoding=\"async\" class=\"aligncenter size-full wp-image-28176\" src=\"http:\/\/www.cameraitalianabarcelona.com\/wp-content\/uploads\/2019\/04\/5628677aa5593f7ab6ce49033ab983e5.jpg\" alt=\"\" width=\"223\" height=\"306\" srcset=\"http:\/\/www.cameraitalianabarcelona.com\/wp-content\/uploads\/2019\/04\/5628677aa5593f7ab6ce49033ab983e5.jpg 223w, http:\/\/www.cameraitalianabarcelona.com\/wp-content\/uploads\/2019\/04\/5628677aa5593f7ab6ce49033ab983e5-219x300.jpg 219w, http:\/\/www.cameraitalianabarcelona.com\/wp-content\/uploads\/2019\/04\/5628677aa5593f7ab6ce49033ab983e5-189x260.jpg 189w, http:\/\/www.cameraitalianabarcelona.com\/wp-content\/uploads\/2019\/04\/5628677aa5593f7ab6ce49033ab983e5-600x823.jpg 600w\" sizes=\"auto, (max-width: 223px) 100vw, 223px\" \/><\/a><\/p>\n<ul>\n<li style=\"text-align: justify;\"><span style=\"color: #000000;\"><strong>Laura, abbiamo letto nel suo curriculum che lei <\/strong><strong>\u00e8<\/strong><strong> un<\/strong><strong>\u2019<\/strong><strong>economista, avvocato, revisore ed esperto giudiziario, ma vogliamo approfondire l<\/strong><strong>\u2019<\/strong><strong>aspetto riguardante la sua specializzazione in Diritto Fallimentare. In che cosa consiste, nel dettaglio, il Diritto Fallimentare?<\/strong><\/span><\/li>\n<\/ul>\n<p style=\"text-align: justify;\"><span style=\"color: #000000;\">Il diritto fallimentare \u00e8 l\u2019area del diritto che permette di risolvere situazioni di insolvenza riguardanti tanto persone fisiche quanto persone giuridiche, intendendo l\u2019insolvenza come l\u2019impossibilit\u00e0 di pagare i propri creditori. Le vie di risoluzione sono differenti e dipendono dai casi. Per esempio, se abbiamo un problema puntuale di liquidit\u00e0, possiamo risolvere la situazione sviluppando un accordo di rifinanziamento con i nostri creditori o attraverso un accordo extragiudiziario di pagamenti, senza la necessit\u00e0 di ricorrere ad un concorso di creditori. Per altri casi, \u00e8 conveniente raggiungere un accordo con i creditori nell&#8217;ambito di un concorso e in altri, in cui non vi \u00e8 alcuna possibilit\u00e0 di continuare, consigliamo una liquidazione ordinata. Fino ad ora, in Spagna, l&#8217;immagine di un&#8217;azienda in competizione non \u00e8 buona, la verit\u00e0 \u00e8 che un concorso presentato in tempo e portato avanti correttamente, pu\u00f2 essere un meccanismo per salvare la compagnia. Inoltre, con il regolamento della Legge fallimentare sulla vendita dell&#8217;unit\u00e0 produttiva, \u00e8 possibile disporre dei beni senza l&#8217;assunzione di debiti ad eccezione di quelli di natura lavorativa, fatto che costituisce, per alcuni, un&#8217;opportunit\u00e0 di business, e per la societ\u00e0 ne rappresenta la sua continuit\u00e0 .<\/span><\/p>\n<ul style=\"text-align: justify;\">\n<li><span style=\"color: #000000;\"><strong>Quali sono i casi di cui si occupa? <\/strong><\/span><\/li>\n<\/ul>\n<p style=\"text-align: justify;\"><span style=\"color: #000000;\">Oltre a fornire consulenza a societ\u00e0 e ad individui, siamo, nel mio caso, amministratori di insolvenza da vent&#8217;anni, sebbene prima del 2004, con la vecchia legge sui fallimenti, le nostre posizioni erano quelle di commissario e depositario in fallimenti o revisori giudiziari in sospensioni di pagamenti, riuscendo a fare da tramite a pi\u00f9 di 200 espedienti in Catalogna e a Madrid.<\/span><\/p>\n<ul style=\"text-align: justify;\">\n<li><span style=\"color: #000000;\"><strong>Parliamo anche della tua carriera. Come sei arrivata a diventare avvocato? C&#8217;\u00e8 stato qualcuno che ti ha ispirato?<\/strong><\/span><\/li>\n<\/ul>\n<p style=\"text-align: justify;\"><span style=\"color: #000000;\">&nbsp;In realt\u00e0 ho iniziato la mia carriera laureandomi in Economia alla U.B., ma prima di terminare gli studi mi unii all&#8217;ufficio professionale di mio padre Francisco Pedre\u00f1o, specialista in diritto fallimentare per sostituire una lavoratrice in congedo di maternit\u00e0. Inizialmente sarei dovuta rimanere solo per pochi mesi, ma la professione mi ha affascinato e sono rimasta. Fu pi\u00f9 tardi quando, incoraggiata da mio padre, studiai Legge, per completare la formazione che stavo gi\u00e0 assumendo facendo pratica. Se mi chiedi chi mi ha ispirato da allora, la mia ispirazione e il mio insegnante era ed \u00e8 ancora mio padre, a cui devo tutto ci\u00f2 che sono.<\/span><\/p>\n<ul style=\"text-align: justify;\">\n<li><span style=\"color: #000000;\"><strong>Se potessi dare un consiglio a coloro che stanno iniziando la tua stessa carriera, cosa gli diresti?<\/strong><\/span><\/li>\n<\/ul>\n<p style=\"text-align: justify;\"><span style=\"color: #000000;\">Gli direi di formarsi tantissimo e che inizino tramite l\u2019aiuto di qualche esperto. Iniziare avendo ben chiare le fondamenta ti d\u00e0 la sicurezza necessaria al fine di poter crescere senza il rischio di sbagliare. La professione ha un alto livello di responsabilit\u00e0 perch\u00e8 ci si ritrova a gestire beni alieni, e una decisione sbagliata pu\u00f2 portare alla fine di un contratto.<\/span><\/p>\n<ul style=\"text-align: justify;\">\n<li><span style=\"color: #000000;\"><strong>Quali sono, secondo lei, i piani e le sfide che il diritto fallimentare dovr<\/strong><strong>\u00e0<\/strong><strong> affrontare nel prossimo futuro? <\/strong><\/span><\/li>\n<\/ul>\n<p style=\"text-align: justify;\"><span style=\"color: #000000;\">La prossima sfida nel diritto fallimentare \u00e8 senza dubbio l&#8217;adozione quest&#8217;anno della DIRETTIVA DEL PARLAMENTO EUROPEO E DEL CONSIGLIO sui quadri preventivi di ristrutturazione, una nuova possibilit\u00e0 e misura per aumentare l&#8217;efficacia delle procedure di remissione, insolvenza e ristrutturazione e che modifica la direttiva 2012\/30\/UE.<\/span><br \/>\n<span style=\"color: #000000;\">Essa mira a creare un&#8217;unione normativa a livello europeo che consenta alle imprese redditizie in difficolt\u00e0 finanziarie l&#8217;accesso a quadri di ristrutturazione preventiva attraverso misure di intervento precoce per evitare l&#8217;insolvenza, una ristrutturazione tempestiva per garantire il mantenimento di parti commerciali redditizie, la liquidazione degli attivi necessari per salvare l&#8217;impresa e, infine, offre una seconda possibilit\u00e0 agli imprenditori onesti attraverso la riduzione del debito per consentire loro di riavviare un&#8217;impresa.<\/span><\/p>\n<ul style=\"text-align: justify;\">\n<li><span style=\"color: #000000;\"><strong>Abbiamo visto che, recentemente, si <\/strong><strong>\u00e8<\/strong><strong> associata alla Camera di Commercio Italiana- Barcellona. Perch<\/strong><strong>\u00e8<\/strong><strong> hai scelto questa Camera, nello specifico?<\/strong><\/span><\/li>\n<\/ul>\n<p style=\"text-align: justify;\"><span style=\"color: #000000;\">Il nostro studio legale PEDRE\u00d1O ABOGADOS Y ECONOMISTAS, S.L., ha optato per questa Camera di Commercio, perch\u00e9 siamo rimasti affascinati dalla sua proattivit\u00e0 in termini di eventi di alto livello e dal rinnovamento che ha fatto in breve tempo. Questa ci sembra un&#8217;opportunit\u00e0 per l&#8217;azienda di creare sinergie con altri partner.<\/span><br \/>\n<span style=\"color: #000000;\">Siamo anche lieti che abbia un proprio Tribunale Arbitrale e che promuova la Mediazione, poich\u00e9 oltre alla suddetta qualifica sono Mediatore in materia civile e commerciale, e credo nella mediazione come favolosa alternativa alle procedure giudiziarie per risolvere i conflitti tra le parti.<\/span><\/p>\n<ul style=\"text-align: justify;\">\n<li><span style=\"color: #000000;\"><strong>Che progetti ha per il suo futuro di avvocato? Pensa di continuare a lavorare ancora nell<\/strong><strong>\u2019<\/strong><strong>ambito del diritto fallimentare o pensa di espandersi in altri campi del diritto?<\/strong><\/span><\/li>\n<\/ul>\n<p style=\"text-align: justify;\"><span style=\"color: #000000;\">Al momento i miei progetti sono di continuare a lavorare su ci\u00f2 che mi piace, che \u00e8 il diritto fallimentare. La mia doppia laurea in Giurisprudenza ed Economia mi permette di fornire le conoscenze necessarie per aiutare le aziende e i privati, sia attraverso la consulenza o come curatore fallimentare, a superare i loro problemi economici e finanziari e quindi a mantenere la loro attivit\u00e0.<\/span><br \/>\n<span style=\"color: #000000;\">Allo stesso modo, sono molto concentrata sul tema della mediazione fallimentare e della legge sulla seconda opportunit\u00e0, perch\u00e9 mi conforta vedere come viene restituito un sogno a persone oneste che, per varie circostanze, sono andate male, e fargli credere che ci sia vita dopo una recessione economica. Penso che sia importante, per il sistema stesso, che queste persone non siano costrette a vivere in clandestinit\u00e0 come hanno fatto finora.<\/span><\/p>\n<ul style=\"text-align: justify;\">\n<li><span style=\"color: #000000;\"><strong>Un<\/strong><strong>\u2019<\/strong><strong>ultima domanda, che cos<\/strong><strong>\u00e8<\/strong><strong> per lei il diritto?<\/strong><\/span><\/li>\n<\/ul>\n<p style=\"text-align: justify;\"><span style=\"color: #000000;\">Per me il diritto \u00e8 un mecanismo di norme, indispensabili in una societ\u00e0 democratica, che permette di risolvere conflitti. Senza il diritto vivremmo nel caos totale. Inoltre, questa \u00e8 diventata la mia professione ed \u00e8 anche uno strumento per aiutare altre persone.<\/span><\/p>\n<p>&nbsp;<\/p>\n<p>&nbsp;<\/p>\n","protected":false},"excerpt":{"rendered":"<p>Laura, abbiamo letto nel suo curriculum che lei \u00e8 un\u2019economista, avvocato, revisore ed esperto giudiziario, ma vogliamo approfondire l\u2019aspetto riguardante la sua specializzazione in Diritto Fallimentare. In che cosa consiste, nel dettaglio, il Diritto Fallimentare? Il diritto fallimentare \u00e8 l\u2019area del diritto che permette di risolvere situazioni di insolvenza riguardanti tanto persone fisiche quanto persone [&hellip;]<\/p>\n","protected":false},"author":2,"featured_media":28176,"comment_status":"open","ping_status":"closed","sticky":false,"template":"","format":"standard","meta":{"_exactmetrics_skip_tracking":false,"_exactmetrics_sitenote_active":false,"_exactmetrics_sitenote_note":"","_exactmetrics_sitenote_category":0,"ngg_post_thumbnail":0,"footnotes":""},"categories":[11],"tags":[],"class_list":["post-28179","post","type-post","status-publish","format-standard","has-post-thumbnail","hentry","category-non-categorizzato"],"_links":{"self":[{"href":"http:\/\/www.cameraitalianabarcelona.com\/it\/wp-json\/wp\/v2\/posts\/28179","targetHints":{"allow":["GET"]}}],"collection":[{"href":"http:\/\/www.cameraitalianabarcelona.com\/it\/wp-json\/wp\/v2\/posts"}],"about":[{"href":"http:\/\/www.cameraitalianabarcelona.com\/it\/wp-json\/wp\/v2\/types\/post"}],"author":[{"embeddable":true,"href":"http:\/\/www.cameraitalianabarcelona.com\/it\/wp-json\/wp\/v2\/users\/2"}],"replies":[{"embeddable":true,"href":"http:\/\/www.cameraitalianabarcelona.com\/it\/wp-json\/wp\/v2\/comments?post=28179"}],"version-history":[{"count":1,"href":"http:\/\/www.cameraitalianabarcelona.com\/it\/wp-json\/wp\/v2\/posts\/28179\/revisions"}],"predecessor-version":[{"id":28180,"href":"http:\/\/www.cameraitalianabarcelona.com\/it\/wp-json\/wp\/v2\/posts\/28179\/revisions\/28180"}],"wp:featuredmedia":[{"embeddable":true,"href":"http:\/\/www.cameraitalianabarcelona.com\/it\/wp-json\/wp\/v2\/media\/28176"}],"wp:attachment":[{"href":"http:\/\/www.cameraitalianabarcelona.com\/it\/wp-json\/wp\/v2\/media?parent=28179"}],"wp:term":[{"taxonomy":"category","embeddable":true,"href":"http:\/\/www.cameraitalianabarcelona.com\/it\/wp-json\/wp\/v2\/categories?post=28179"},{"taxonomy":"post_tag","embeddable":true,"href":"http:\/\/www.cameraitalianabarcelona.com\/it\/wp-json\/wp\/v2\/tags?post=28179"}],"curies":[{"name":"wp","href":"https:\/\/api.w.org\/{rel}","templated":true}]}}