{"id":28027,"date":"2019-04-11T09:27:14","date_gmt":"2019-04-11T09:27:14","guid":{"rendered":"http:\/\/www.cameraitalianabarcelona.com\/?p=28027\/"},"modified":"2019-04-11T09:46:44","modified_gmt":"2019-04-11T09:46:44","slug":"tuttofood-2019-todas-las-novedades","status":"publish","type":"post","link":"http:\/\/www.cameraitalianabarcelona.com\/it\/2019\/04\/tuttofood-2019-todas-las-novedades\/","title":{"rendered":"TUTTOFOOD 2019: TUTTE LE NOVIT\u00c0"},"content":{"rendered":"<p><strong><a href=\"http:\/\/www.cameraitalianabarcelona.com\/wp-content\/uploads\/2019\/04\/01.jpg\"><img loading=\"lazy\" decoding=\"async\" class=\"aligncenter wp-image-28028 size-full\" src=\"http:\/\/www.cameraitalianabarcelona.com\/wp-content\/uploads\/2019\/04\/01.jpg\" alt=\"\" width=\"989\" height=\"656\" srcset=\"http:\/\/www.cameraitalianabarcelona.com\/wp-content\/uploads\/2019\/04\/01.jpg 989w, http:\/\/www.cameraitalianabarcelona.com\/wp-content\/uploads\/2019\/04\/01-300x199.jpg 300w, http:\/\/www.cameraitalianabarcelona.com\/wp-content\/uploads\/2019\/04\/01-768x509.jpg 768w, http:\/\/www.cameraitalianabarcelona.com\/wp-content\/uploads\/2019\/04\/01-150x100.jpg 150w, http:\/\/www.cameraitalianabarcelona.com\/wp-content\/uploads\/2019\/04\/01-330x219.jpg 330w, http:\/\/www.cameraitalianabarcelona.com\/wp-content\/uploads\/2019\/04\/01-624x414.jpg 624w, http:\/\/www.cameraitalianabarcelona.com\/wp-content\/uploads\/2019\/04\/01-414x275.jpg 414w, http:\/\/www.cameraitalianabarcelona.com\/wp-content\/uploads\/2019\/04\/01-600x397.jpg 600w\" sizes=\"auto, (max-width: 989px) 100vw, 989px\" \/><\/a><\/strong><\/p>\n<p style=\"text-align: justify;\"><span style=\"color: #000000;\">Tutto pronto per la settima edizione di <strong>TuttoFood<\/strong>, la fiera internazionale B2B pi\u00f9 importante del settore alimentare realizzata in Italia e organizzata da <strong>Fiera Milano<\/strong>, che aprir\u00e0 le sue porte <strong>dal 6 al 9 Maggio<\/strong>.<\/span><\/p>\n<p style=\"text-align: justify;\"><span style=\"color: #000000;\">TuttoFood si conferma, ogni voltam un hub internazionale che comprende il meglio del saper fare italiano, capace di creare sinergie e di accorciare le distanze tra le nazioni del mondo.<\/span><\/p>\n<p style=\"text-align: justify;\"><span style=\"color: #000000;\">Sono 32 i Paesi confermati per questa edizione, con importanti imprese e collettivi provenienti da Spagna, Grecia, Portogallo, Regno Unito, Cina e Stati Uniti d&#8217;America.&nbsp;<\/span><\/p>\n<p style=\"text-align: justify;\"><span style=\"color: #000000;\">La grande novit\u00e0 di quest&#8217;anno sar\u00e0 <strong>Evolution Plaza<\/strong>, un&#8217;area integrata all&#8217;interno dello spazio espositivo di <strong>TuttoDigita<\/strong>l e sar\u00e0 il luogo dedicato all&#8217;approfondimento delle ultime tendenze digitali, con tecnologie che guardano al fututo 4.0: dalla <strong>tracciabilit\u00e0 del prodotto<\/strong> fino all&#8217;utilizzo delle tecnologie pi\u00f9 in voga, come l&#8217;<strong>intelligenza artificiale<\/strong> e le soluzioni orientate al servizio, come la contabilit\u00e0 o la consegna.<\/span><\/p>\n<p style=\"text-align: justify;\"><span style=\"color: #000000;\">Torner\u00e0 anche, in una versione innovativa, la <strong>Retail Plaza<\/strong>, all&#8217;interno della quale avr\u00e0 luogo il primo <strong>Forum della Frutta Secca<\/strong>, una categoria che negli ultimi anni ha sperimentato uno sviluppo di mercato incredibile, rafforzato soprattutto dalla domanda di alimenti salutari e dalla capacit\u00e0 dei produttoti di interpretare le richieste dei consumatori.&nbsp;<\/span><\/p>\n<p style=\"text-align: justify;\"><span style=\"color: #000000;\">Nasce anche <strong>TuttoWine<\/strong>, lo spazio dedicato al vino, in collaborazione con UIV- Unione Italiana Vini, grazie alla quale i compratori potranno avere una visione completa durante la propria visita in fiera, nell&#8217;ambito del food e del beverage.&nbsp;&nbsp;<\/span><\/p>\n<p style=\"text-align: justify;\"><span style=\"color: #000000;\">Altre due novit\u00e0 sono le nuove aree dedicate alle tradizioni nutrizionali, <strong>TuttoKosher y TuttoHalal,<\/strong> che vanno a consolidare il carattere internazionale di questo evento.<\/span><\/p>\n<p style=\"text-align: justify;\"><span style=\"color: #000000;\">Un&#8217; edizione che si prevede, come sempre, ricca di innovazioni e di eventi esclusivi.&nbsp;<\/span><\/p>\n<p style=\"text-align: justify;\"><span style=\"color: #000000;\">Inoltre, grande importanza sar\u00e0 data agli incontri d&#8217;affari, delineati secondo le esigenze degli operator. Al programma Hosted Buyers parteciperanno delegazioni di Buyers Internazionali provenienti da 141 Paesi.<\/span><\/p>\n<p style=\"text-align: justify;\"><span style=\"color: #000000;\">La <strong>Camera di Commercio Italiana- Barcellona<\/strong> organizzer\u00e0 e accompagner\u00e0 la delegazione di Compratori invitati alla fieria, che conta pi\u00f9 di 30 partecipanti al programma <em><strong>Hosted Buyers<\/strong><\/em>.&nbsp;<\/span><\/p>\n<p style=\"text-align: justify;\"><span style=\"color: #000000;\">Ogni Buyer avr\u00e0 il privilegio di poter organizzare gratuitamente la visita, la permanenza e l&#8217;agenda di incontri B2B con gli espositori internazionali attraverso <strong>MY MATCHING<\/strong>, la piattaforma virtuale che gli permetter\u00e0 di entrare in contatto direttamente con gli espositori prima dell&#8217;inizio della fiera.&nbsp;<\/span><\/p>\n<p style=\"text-align: justify;\">&nbsp;<\/p>\n<p style=\"text-align: justify;\"><span style=\"color: #000000;\">Per maggiori informazioni:<\/span><\/p>\n<p style=\"text-align: justify;\"><span style=\"color: #000000;\">Emanuela Esposito<\/span><\/p>\n<p style=\"text-align: justify;\"><span style=\"color: #000000;\"><a style=\"color: #000000;\" href=\"mailto:emanuelaesposito@camaraitaliana.com\">emanuelaesposito@camaraitaliana.com<\/a><\/span><\/p>\n<p style=\"text-align: justify;\"><span style=\"color: #000000;\">Tel: 93 319 49 99<\/span><\/p>\n<p>&nbsp;<\/p>\n","protected":false},"excerpt":{"rendered":"<p>Tutto pronto per la settima edizione di TuttoFood, la fiera internazionale B2B pi\u00f9 importante del settore alimentare realizzata in Italia e organizzata da Fiera Milano, che aprir\u00e0 le sue porte dal 6 al 9 Maggio. TuttoFood si conferma, ogni voltam un hub internazionale che comprende il meglio del saper fare italiano, capace di creare sinergie [&hellip;]<\/p>\n","protected":false},"author":2,"featured_media":28028,"comment_status":"open","ping_status":"closed","sticky":false,"template":"","format":"standard","meta":{"_exactmetrics_skip_tracking":false,"_exactmetrics_sitenote_active":false,"_exactmetrics_sitenote_note":"","_exactmetrics_sitenote_category":0,"ngg_post_thumbnail":0,"footnotes":""},"categories":[11],"tags":[],"class_list":["post-28027","post","type-post","status-publish","format-standard","has-post-thumbnail","hentry","category-non-categorizzato"],"_links":{"self":[{"href":"http:\/\/www.cameraitalianabarcelona.com\/it\/wp-json\/wp\/v2\/posts\/28027","targetHints":{"allow":["GET"]}}],"collection":[{"href":"http:\/\/www.cameraitalianabarcelona.com\/it\/wp-json\/wp\/v2\/posts"}],"about":[{"href":"http:\/\/www.cameraitalianabarcelona.com\/it\/wp-json\/wp\/v2\/types\/post"}],"author":[{"embeddable":true,"href":"http:\/\/www.cameraitalianabarcelona.com\/it\/wp-json\/wp\/v2\/users\/2"}],"replies":[{"embeddable":true,"href":"http:\/\/www.cameraitalianabarcelona.com\/it\/wp-json\/wp\/v2\/comments?post=28027"}],"version-history":[{"count":3,"href":"http:\/\/www.cameraitalianabarcelona.com\/it\/wp-json\/wp\/v2\/posts\/28027\/revisions"}],"predecessor-version":[{"id":28033,"href":"http:\/\/www.cameraitalianabarcelona.com\/it\/wp-json\/wp\/v2\/posts\/28027\/revisions\/28033"}],"wp:featuredmedia":[{"embeddable":true,"href":"http:\/\/www.cameraitalianabarcelona.com\/it\/wp-json\/wp\/v2\/media\/28028"}],"wp:attachment":[{"href":"http:\/\/www.cameraitalianabarcelona.com\/it\/wp-json\/wp\/v2\/media?parent=28027"}],"wp:term":[{"taxonomy":"category","embeddable":true,"href":"http:\/\/www.cameraitalianabarcelona.com\/it\/wp-json\/wp\/v2\/categories?post=28027"},{"taxonomy":"post_tag","embeddable":true,"href":"http:\/\/www.cameraitalianabarcelona.com\/it\/wp-json\/wp\/v2\/tags?post=28027"}],"curies":[{"name":"wp","href":"https:\/\/api.w.org\/{rel}","templated":true}]}}