{"id":27981,"date":"2019-04-05T10:14:54","date_gmt":"2019-04-05T10:14:54","guid":{"rendered":"http:\/\/www.cameraitalianabarcelona.com\/?p=27981\/"},"modified":"2019-04-05T10:14:54","modified_gmt":"2019-04-05T10:14:54","slug":"settima-giornata-di-solidarieta-somos-uno","status":"publish","type":"post","link":"http:\/\/www.cameraitalianabarcelona.com\/it\/2019\/04\/settima-giornata-di-solidarieta-somos-uno\/","title":{"rendered":"SETTIMA GIORNATA DI SOLIDARIET\u00c0 &#8220;SOMOS UNO&#8221;"},"content":{"rendered":"<p><a href=\"http:\/\/www.cameraitalianabarcelona.com\/wp-content\/uploads\/2019\/04\/2STD_2019.jpg\"><img loading=\"lazy\" decoding=\"async\" class=\"aligncenter size-medium wp-image-27974\" src=\"http:\/\/www.cameraitalianabarcelona.com\/wp-content\/uploads\/2019\/04\/2STD_2019-300x134.jpg\" alt=\"\" width=\"300\" height=\"134\" srcset=\"http:\/\/www.cameraitalianabarcelona.com\/wp-content\/uploads\/2019\/04\/2STD_2019-300x134.jpg 300w, http:\/\/www.cameraitalianabarcelona.com\/wp-content\/uploads\/2019\/04\/2STD_2019-330x147.jpg 330w, http:\/\/www.cameraitalianabarcelona.com\/wp-content\/uploads\/2019\/04\/2STD_2019-414x184.jpg 414w, http:\/\/www.cameraitalianabarcelona.com\/wp-content\/uploads\/2019\/04\/2STD_2019.jpg 660w\" sizes=\"auto, (max-width: 300px) 100vw, 300px\" \/><\/a><\/p>\n<p style=\"text-align: justify;\"><span style=\"color: #000000;\">Anche per quest\u2019anno, <strong>Invest for Children<\/strong>, fondazione di Investindustrial, organizza la settima giornata di solidariet\u00e0 <strong>\u201cSomos Uno\u201d<\/strong> a beneficio di tre grandi fondazioni della nostra citt\u00e0: <strong>AURA Fundaci\u00f3n<\/strong>, <strong>Fundaci\u00f3n Pasqual Maragall<\/strong> e l\u2019<strong>Hospital Sant Joan de D\u00e9u<\/strong>, con l\u2019obiettivo di raccogliere fondi e fare un passo in avanti in vari progetti:<\/span><\/p>\n<ul style=\"text-align: justify;\">\n<li><span style=\"color: #000000;\">Inclusione nel mondo del lavoro di persone con disabilit\u00e0 mentali<\/span><\/li>\n<li><span style=\"color: #000000;\">Ricerca riguardo malattie gravi infantili<\/span><\/li>\n<li><span style=\"color: #000000;\">Ricerca per la prevenzione dell\u2019Alzh\u00e9imer<\/span><\/li>\n<\/ul>\n<p style=\"text-align: justify;\"><span style=\"color: #000000;\">La <strong>cena di gala<\/strong> e la consegna dei premi si terr\u00e0 il <strong>13 Giugno <\/strong>a partire dalle<strong> 19:30<\/strong> presso <strong>RCDE STADIUM<\/strong>, nel quale prima si celebreranno due attivit\u00e0:<\/span><\/p>\n<ul style=\"text-align: justify;\">\n<li><span style=\"color: #000000;\">Campionato di calcio, 23 maggio presso lo stadio RCD ESPANYOL<\/span><\/li>\n<li><span style=\"color: #000000;\">Torneo di paddle tennis maschile e femminile, 7 giugno presso il Real Club de Polo di Barcellona.<\/span><\/li>\n<\/ul>\n<p style=\"text-align: justify;\"><span style=\"color: #000000;\">Se vuoi apportare un piccolo aiuto, ci sono differenti collaborazioni alle quali ogni impresa pu\u00f2 prendere parte.<\/span><\/p>\n<p style=\"text-align: justify;\"><span style=\"color: #000000;\">Trovi maggiori dettagli riguardo alla partecipazione e ai tipi di patrocinio nel seguente <a href=\"https:\/\/documentcloud.adobe.com\/link\/track?uri=urn%3Aaaid%3Ascds%3AUS%3A4456c06e-9d05-45a7-9e91-6157a7e1b543\" target=\"_blank\" rel=\"noopener noreferrer\">link<\/a><\/span><\/p>\n<p style=\"text-align: justify;\"><span style=\"color: #000000;\">Per qualsiasi dubbio e per l\u2019iscrizione, contatta Invest for Children alla mail <strong><a style=\"color: #000000;\" href=\"mailto:eventos@investforchildren.org\">eventos@investforchildren.org<\/a><\/strong><\/span><\/p>\n<p style=\"text-align: justify;\"><span style=\"color: #000000;\">Ti aspettiamo!<\/span><\/p>\n<p>&nbsp;<\/p>\n<p>&nbsp;<\/p>\n","protected":false},"excerpt":{"rendered":"<p>Anche per quest\u2019anno, Invest for Children, fondazione di Investindustrial, organizza la settima giornata di solidariet\u00e0 \u201cSomos Uno\u201d a beneficio di tre grandi fondazioni della nostra citt\u00e0: AURA Fundaci\u00f3n, Fundaci\u00f3n Pasqual Maragall e l\u2019Hospital Sant Joan de D\u00e9u, con l\u2019obiettivo di raccogliere fondi e fare un passo in avanti in vari progetti: Inclusione nel mondo del [&hellip;]<\/p>\n","protected":false},"author":2,"featured_media":27980,"comment_status":"open","ping_status":"closed","sticky":false,"template":"","format":"standard","meta":{"_exactmetrics_skip_tracking":false,"_exactmetrics_sitenote_active":false,"_exactmetrics_sitenote_note":"","_exactmetrics_sitenote_category":0,"ngg_post_thumbnail":0,"footnotes":""},"categories":[11],"tags":[],"class_list":["post-27981","post","type-post","status-publish","format-standard","has-post-thumbnail","hentry","category-non-categorizzato"],"_links":{"self":[{"href":"http:\/\/www.cameraitalianabarcelona.com\/it\/wp-json\/wp\/v2\/posts\/27981","targetHints":{"allow":["GET"]}}],"collection":[{"href":"http:\/\/www.cameraitalianabarcelona.com\/it\/wp-json\/wp\/v2\/posts"}],"about":[{"href":"http:\/\/www.cameraitalianabarcelona.com\/it\/wp-json\/wp\/v2\/types\/post"}],"author":[{"embeddable":true,"href":"http:\/\/www.cameraitalianabarcelona.com\/it\/wp-json\/wp\/v2\/users\/2"}],"replies":[{"embeddable":true,"href":"http:\/\/www.cameraitalianabarcelona.com\/it\/wp-json\/wp\/v2\/comments?post=27981"}],"version-history":[{"count":1,"href":"http:\/\/www.cameraitalianabarcelona.com\/it\/wp-json\/wp\/v2\/posts\/27981\/revisions"}],"predecessor-version":[{"id":27983,"href":"http:\/\/www.cameraitalianabarcelona.com\/it\/wp-json\/wp\/v2\/posts\/27981\/revisions\/27983"}],"wp:featuredmedia":[{"embeddable":true,"href":"http:\/\/www.cameraitalianabarcelona.com\/it\/wp-json\/wp\/v2\/media\/27980"}],"wp:attachment":[{"href":"http:\/\/www.cameraitalianabarcelona.com\/it\/wp-json\/wp\/v2\/media?parent=27981"}],"wp:term":[{"taxonomy":"category","embeddable":true,"href":"http:\/\/www.cameraitalianabarcelona.com\/it\/wp-json\/wp\/v2\/categories?post=27981"},{"taxonomy":"post_tag","embeddable":true,"href":"http:\/\/www.cameraitalianabarcelona.com\/it\/wp-json\/wp\/v2\/tags?post=27981"}],"curies":[{"name":"wp","href":"https:\/\/api.w.org\/{rel}","templated":true}]}}