{"id":27949,"date":"2019-04-04T11:22:02","date_gmt":"2019-04-04T11:22:02","guid":{"rendered":"http:\/\/www.cameraitalianabarcelona.com\/?p=27949\/"},"modified":"2019-04-04T11:22:02","modified_gmt":"2019-04-04T11:22:02","slug":"giambrone-partners-slp-offre-un-servizio-di-co-working","status":"publish","type":"post","link":"http:\/\/www.cameraitalianabarcelona.com\/it\/2019\/04\/giambrone-partners-slp-offre-un-servizio-di-co-working\/","title":{"rendered":"GIAMBRONE &#038; PARTNERS SLP OFFRE UN SERVIZIO DI CO-WORKING"},"content":{"rendered":"<p><a href=\"http:\/\/www.cameraitalianabarcelona.com\/wp-content\/uploads\/2019\/04\/Meeting-room.jpg\"><img loading=\"lazy\" decoding=\"async\" class=\"aligncenter size-medium wp-image-27947\" src=\"http:\/\/www.cameraitalianabarcelona.com\/wp-content\/uploads\/2019\/04\/Meeting-room-169x300.jpg\" alt=\"\" width=\"169\" height=\"300\" srcset=\"http:\/\/www.cameraitalianabarcelona.com\/wp-content\/uploads\/2019\/04\/Meeting-room-169x300.jpg 169w, http:\/\/www.cameraitalianabarcelona.com\/wp-content\/uploads\/2019\/04\/Meeting-room.jpg 576w, http:\/\/www.cameraitalianabarcelona.com\/wp-content\/uploads\/2019\/04\/Meeting-room-146x260.jpg 146w, http:\/\/www.cameraitalianabarcelona.com\/wp-content\/uploads\/2019\/04\/Meeting-room-432x768.jpg 432w, http:\/\/www.cameraitalianabarcelona.com\/wp-content\/uploads\/2019\/04\/Meeting-room-233x414.jpg 233w, http:\/\/www.cameraitalianabarcelona.com\/wp-content\/uploads\/2019\/04\/Meeting-room-414x736.jpg 414w, http:\/\/www.cameraitalianabarcelona.com\/wp-content\/uploads\/2019\/04\/Meeting-room-600x1066.jpg 600w\" sizes=\"auto, (max-width: 169px) 100vw, 169px\" \/><\/a><\/p>\n<p style=\"text-align: justify;\"><span style=\"color: #000000;\">Lo Studio Legale <strong>Giambrone &amp; Partners SLP<\/strong>, offre a professionisti di vari ambiti, avvocati,<\/span><br \/>\n<span style=\"color: #000000;\">architetti, commercialisti, agenti immobiliari, etc, un servizio di co-working e la possibilit\u00e0 di collaborare in un ufficio di avvocati internazionale con presenza in varie citt\u00e0 europee, tra esse Londra, Milano, Roma, Monaco e Barcellona e che conta con pi\u00f9 di 15 anni di traiettoria.<\/span><\/p>\n<p style=\"text-align: justify;\"><span style=\"color: #000000;\">Lo studio \u00e8 situato nella Ensanche Destra, in c\/Balmes con Gran Via de Les Corts Catalans. Dispone di uffici con 2, 4 o 6 posti di lavoro,&nbsp;con adiacenti salette di attesa per ricevere i&nbsp;clienti, una sala di rappresentanza per le riunioni, un servizio di ricezione chiamate, 3 bagni, aria condizionata ed una piccola sala con frigorifero, microonde e caffettiera Nespresso&nbsp;contigua ad una luminosa galleria dove poter mangiare e\/o riposare.<\/span><\/p>\n<p><span style=\"color: #000000;\">Per maggiori informazioni contattare barbara.labella@giambronelaw.com<\/span><\/p>\n","protected":false},"excerpt":{"rendered":"<p>Lo Studio Legale Giambrone &amp; Partners SLP, offre a professionisti di vari ambiti, avvocati, architetti, commercialisti, agenti immobiliari, etc, un servizio di co-working e la possibilit\u00e0 di collaborare in un ufficio di avvocati internazionale con presenza in varie citt\u00e0 europee, tra esse Londra, Milano, Roma, Monaco e Barcellona e che conta con pi\u00f9 di 15 [&hellip;]<\/p>\n","protected":false},"author":2,"featured_media":27947,"comment_status":"open","ping_status":"closed","sticky":false,"template":"","format":"standard","meta":{"_exactmetrics_skip_tracking":false,"_exactmetrics_sitenote_active":false,"_exactmetrics_sitenote_note":"","_exactmetrics_sitenote_category":0,"ngg_post_thumbnail":0,"footnotes":""},"categories":[11],"tags":[],"class_list":["post-27949","post","type-post","status-publish","format-standard","has-post-thumbnail","hentry","category-non-categorizzato"],"_links":{"self":[{"href":"http:\/\/www.cameraitalianabarcelona.com\/it\/wp-json\/wp\/v2\/posts\/27949","targetHints":{"allow":["GET"]}}],"collection":[{"href":"http:\/\/www.cameraitalianabarcelona.com\/it\/wp-json\/wp\/v2\/posts"}],"about":[{"href":"http:\/\/www.cameraitalianabarcelona.com\/it\/wp-json\/wp\/v2\/types\/post"}],"author":[{"embeddable":true,"href":"http:\/\/www.cameraitalianabarcelona.com\/it\/wp-json\/wp\/v2\/users\/2"}],"replies":[{"embeddable":true,"href":"http:\/\/www.cameraitalianabarcelona.com\/it\/wp-json\/wp\/v2\/comments?post=27949"}],"version-history":[{"count":1,"href":"http:\/\/www.cameraitalianabarcelona.com\/it\/wp-json\/wp\/v2\/posts\/27949\/revisions"}],"predecessor-version":[{"id":27950,"href":"http:\/\/www.cameraitalianabarcelona.com\/it\/wp-json\/wp\/v2\/posts\/27949\/revisions\/27950"}],"wp:featuredmedia":[{"embeddable":true,"href":"http:\/\/www.cameraitalianabarcelona.com\/it\/wp-json\/wp\/v2\/media\/27947"}],"wp:attachment":[{"href":"http:\/\/www.cameraitalianabarcelona.com\/it\/wp-json\/wp\/v2\/media?parent=27949"}],"wp:term":[{"taxonomy":"category","embeddable":true,"href":"http:\/\/www.cameraitalianabarcelona.com\/it\/wp-json\/wp\/v2\/categories?post=27949"},{"taxonomy":"post_tag","embeddable":true,"href":"http:\/\/www.cameraitalianabarcelona.com\/it\/wp-json\/wp\/v2\/tags?post=27949"}],"curies":[{"name":"wp","href":"https:\/\/api.w.org\/{rel}","templated":true}]}}