{"id":27933,"date":"2019-04-03T11:00:56","date_gmt":"2019-04-03T11:00:56","guid":{"rendered":"http:\/\/www.cameraitalianabarcelona.com\/?p=27933\/"},"modified":"2019-04-03T11:04:10","modified_gmt":"2019-04-03T11:04:10","slug":"sanremo-giovani-world-tour-a-barcellona","status":"publish","type":"post","link":"http:\/\/www.cameraitalianabarcelona.com\/it\/2019\/04\/sanremo-giovani-world-tour-a-barcellona\/","title":{"rendered":"SANREMO GIOVANI WORLD TOUR A BARCELLONA"},"content":{"rendered":"<p><a href=\"http:\/\/www.cameraitalianabarcelona.com\/wp-content\/uploads\/2019\/04\/53453731_980169328843334_6612515285096202240_o.jpg\"><img loading=\"lazy\" decoding=\"async\" class=\"aligncenter size-medium wp-image-27932\" src=\"http:\/\/www.cameraitalianabarcelona.com\/wp-content\/uploads\/2019\/04\/53453731_980169328843334_6612515285096202240_o-300x165.jpg\" alt=\"\" width=\"300\" height=\"165\" srcset=\"http:\/\/www.cameraitalianabarcelona.com\/wp-content\/uploads\/2019\/04\/53453731_980169328843334_6612515285096202240_o-300x165.jpg 300w, http:\/\/www.cameraitalianabarcelona.com\/wp-content\/uploads\/2019\/04\/53453731_980169328843334_6612515285096202240_o-768x423.jpg 768w, http:\/\/www.cameraitalianabarcelona.com\/wp-content\/uploads\/2019\/04\/53453731_980169328843334_6612515285096202240_o-1024x564.jpg 1024w, http:\/\/www.cameraitalianabarcelona.com\/wp-content\/uploads\/2019\/04\/53453731_980169328843334_6612515285096202240_o-330x182.jpg 330w, http:\/\/www.cameraitalianabarcelona.com\/wp-content\/uploads\/2019\/04\/53453731_980169328843334_6612515285096202240_o-1920x1058.jpg 1920w, http:\/\/www.cameraitalianabarcelona.com\/wp-content\/uploads\/2019\/04\/53453731_980169328843334_6612515285096202240_o-736x405.jpg 736w, http:\/\/www.cameraitalianabarcelona.com\/wp-content\/uploads\/2019\/04\/53453731_980169328843334_6612515285096202240_o-1280x705.jpg 1280w, http:\/\/www.cameraitalianabarcelona.com\/wp-content\/uploads\/2019\/04\/53453731_980169328843334_6612515285096202240_o-414x228.jpg 414w, http:\/\/www.cameraitalianabarcelona.com\/wp-content\/uploads\/2019\/04\/53453731_980169328843334_6612515285096202240_o-600x330.jpg 600w, http:\/\/www.cameraitalianabarcelona.com\/wp-content\/uploads\/2019\/04\/53453731_980169328843334_6612515285096202240_o.jpg 2048w\" sizes=\"auto, (max-width: 300px) 100vw, 300px\" \/><\/a><\/p>\n<p style=\"text-align: justify;\"><span style=\"color: #000000;\"><strong>LUNED\u00cc 15 APRILE SANREMO GIOVANI WORLD TOUR ATTERRA A BARCELLONA!<\/strong><\/span><\/p>\n<p style=\"text-align: justify;\"><span style=\"color: #000000;\"><strong>Einar<\/strong>, <strong>La Rua<\/strong>, <strong>Nyvinne<\/strong> e <strong>Deschema<\/strong> gli artisti che si esibiranno dal vivo, accompagnati dalla banda diretta dal Maestro Maurizio Filardo presso l\u2019iconica Sala Apolo di Barcellona.<\/span><\/p>\n<p style=\"text-align: justify;\"><span style=\"color: #000000;\"><strong>Giulia y los Tellarini<\/strong>, autrice dell\u2019indimenticabile colonna sonora del film <strong>Vicky Cristina Barcelona<\/strong>, completa il programma di esibizioni, in rappresentanza della scena locale.<\/span><\/p>\n<p style=\"text-align: justify;\"><span style=\"color: #000000;\">SGWT Barcellona \u00e8 una delle tappe del tour mondiale che sar\u00e0 realizzato in 7 citt\u00e0 di tutto il mondo: Tunisi, Tokyo, Sidney, Buenos Aires, Toronto, Barcellona e Bruxelles. <\/span><\/p>\n<p style=\"text-align: justify;\"><span style=\"color: #000000;\">La<strong> RAI<\/strong>, il <strong>Ministero degli Affari Esteri<\/strong>, il <strong>Consolato Generale Italiano<\/strong> a Barcellona e l\u2019<strong>Istituto Italiano di <span style=\"color: #000000;\">Cultura<\/span><\/strong> a Barcellona hanno il piacere di invitarti il prossimo <strong>Luned\u00ec 15 Aprile alle ore 20:30.<\/strong><\/span><\/p>\n<p style=\"text-align: justify;\"><span style=\"color: #000000;\"><strong>Sala Apolo<\/strong>: <strong>C\/Nou de la Rambla 113<\/strong><\/span><\/p>\n<p><span style=\"color: #000000;\"><strong>Entrata Gratuita<\/strong><\/span><\/p>\n<p style=\"text-align: justify;\"><span style=\"color: #000000;\">Segna il tuo nome all&#8217;interno della Pagina Facebook dell&#8217;evento per essere in lista, posti limitati.<\/span><\/p>\n<p style=\"text-align: justify;\"><span style=\"color: #000000;\"><a style=\"color: #000000;\" href=\"https:\/\/www.facebook.com\/events\/308366439863077\/\" target=\"_blank\" rel=\"noopener noreferrer\">https:\/\/www.facebook.com\/events\/308366439863077\/<\/a><\/span><\/p>\n<p style=\"text-align: justify;\"><span style=\"color: #000000;\">Per maggiori informazioni, <a style=\"color: #000000;\" href=\"https:\/\/documentcloud.adobe.com\/link\/track?uri=urn%3Aaaid%3Ascds%3AUS%3Ad2a08356-92cb-404a-8ce0-3bf8bbdb9d40\" target=\"_blank\" rel=\"noopener noreferrer\"><strong>clicca qui<\/strong><\/a><\/span><\/p>\n","protected":false},"excerpt":{"rendered":"<p>LUNED\u00cc 15 APRILE SANREMO GIOVANI WORLD TOUR ATTERRA A BARCELLONA! Einar, La Rua, Nyvinne e Deschema gli artisti che si esibiranno dal vivo, accompagnati dalla banda diretta dal Maestro Maurizio Filardo presso l\u2019iconica Sala Apolo di Barcellona. Giulia y los Tellarini, autrice dell\u2019indimenticabile colonna sonora del film Vicky Cristina Barcelona, completa il programma di esibizioni, [&hellip;]<\/p>\n","protected":false},"author":2,"featured_media":27932,"comment_status":"open","ping_status":"closed","sticky":false,"template":"","format":"standard","meta":{"_exactmetrics_skip_tracking":false,"_exactmetrics_sitenote_active":false,"_exactmetrics_sitenote_note":"","_exactmetrics_sitenote_category":0,"ngg_post_thumbnail":0,"footnotes":""},"categories":[11],"tags":[],"class_list":["post-27933","post","type-post","status-publish","format-standard","has-post-thumbnail","hentry","category-non-categorizzato"],"_links":{"self":[{"href":"http:\/\/www.cameraitalianabarcelona.com\/it\/wp-json\/wp\/v2\/posts\/27933","targetHints":{"allow":["GET"]}}],"collection":[{"href":"http:\/\/www.cameraitalianabarcelona.com\/it\/wp-json\/wp\/v2\/posts"}],"about":[{"href":"http:\/\/www.cameraitalianabarcelona.com\/it\/wp-json\/wp\/v2\/types\/post"}],"author":[{"embeddable":true,"href":"http:\/\/www.cameraitalianabarcelona.com\/it\/wp-json\/wp\/v2\/users\/2"}],"replies":[{"embeddable":true,"href":"http:\/\/www.cameraitalianabarcelona.com\/it\/wp-json\/wp\/v2\/comments?post=27933"}],"version-history":[{"count":3,"href":"http:\/\/www.cameraitalianabarcelona.com\/it\/wp-json\/wp\/v2\/posts\/27933\/revisions"}],"predecessor-version":[{"id":27939,"href":"http:\/\/www.cameraitalianabarcelona.com\/it\/wp-json\/wp\/v2\/posts\/27933\/revisions\/27939"}],"wp:featuredmedia":[{"embeddable":true,"href":"http:\/\/www.cameraitalianabarcelona.com\/it\/wp-json\/wp\/v2\/media\/27932"}],"wp:attachment":[{"href":"http:\/\/www.cameraitalianabarcelona.com\/it\/wp-json\/wp\/v2\/media?parent=27933"}],"wp:term":[{"taxonomy":"category","embeddable":true,"href":"http:\/\/www.cameraitalianabarcelona.com\/it\/wp-json\/wp\/v2\/categories?post=27933"},{"taxonomy":"post_tag","embeddable":true,"href":"http:\/\/www.cameraitalianabarcelona.com\/it\/wp-json\/wp\/v2\/tags?post=27933"}],"curies":[{"name":"wp","href":"https:\/\/api.w.org\/{rel}","templated":true}]}}