{"id":27896,"date":"2019-04-01T13:33:42","date_gmt":"2019-04-01T13:33:42","guid":{"rendered":"http:\/\/www.cameraitalianabarcelona.com\/?p=27896\/"},"modified":"2019-04-01T15:54:51","modified_gmt":"2019-04-01T15:54:51","slug":"incontro-del-settore-naviero-logistico","status":"publish","type":"post","link":"http:\/\/www.cameraitalianabarcelona.com\/it\/2019\/04\/incontro-del-settore-naviero-logistico\/","title":{"rendered":"INCONTRO DEL SETTORE NAVIERO-LOGISTICO"},"content":{"rendered":"<p><a href=\"http:\/\/www.cameraitalianabarcelona.com\/wp-content\/uploads\/2019\/04\/IMG-20190401-WA0016.jpg\"><img loading=\"lazy\" decoding=\"async\" class=\"aligncenter wp-image-27895 size-large\" src=\"http:\/\/www.cameraitalianabarcelona.com\/wp-content\/uploads\/2019\/04\/IMG-20190401-WA0016-1024x768.jpg\" alt=\"\" width=\"1024\" height=\"768\" srcset=\"http:\/\/www.cameraitalianabarcelona.com\/wp-content\/uploads\/2019\/04\/IMG-20190401-WA0016-1024x768.jpg 1024w, http:\/\/www.cameraitalianabarcelona.com\/wp-content\/uploads\/2019\/04\/IMG-20190401-WA0016-300x225.jpg 300w, http:\/\/www.cameraitalianabarcelona.com\/wp-content\/uploads\/2019\/04\/IMG-20190401-WA0016-768x576.jpg 768w, http:\/\/www.cameraitalianabarcelona.com\/wp-content\/uploads\/2019\/04\/IMG-20190401-WA0016-330x248.jpg 330w, http:\/\/www.cameraitalianabarcelona.com\/wp-content\/uploads\/2019\/04\/IMG-20190401-WA0016.jpg 1600w, http:\/\/www.cameraitalianabarcelona.com\/wp-content\/uploads\/2019\/04\/IMG-20190401-WA0016-552x414.jpg 552w, http:\/\/www.cameraitalianabarcelona.com\/wp-content\/uploads\/2019\/04\/IMG-20190401-WA0016-1280x960.jpg 1280w, http:\/\/www.cameraitalianabarcelona.com\/wp-content\/uploads\/2019\/04\/IMG-20190401-WA0016-414x311.jpg 414w, http:\/\/www.cameraitalianabarcelona.com\/wp-content\/uploads\/2019\/04\/IMG-20190401-WA0016-600x450.jpg 600w\" sizes=\"auto, (max-width: 1024px) 100vw, 1024px\" \/><\/a><\/p>\n<p style=\"text-align: justify;\"><span style=\"color: #000000;\">Lo scorso Mercoled\u00ec 27 marzo 2019, la <strong>Camera di Commercio Italiana &#8211; Barcellona<\/strong> ha organizzato l&#8217;incontro tra il <strong>Ministro del Territorio e della Sostenibilit\u00e0, Dami\u00e0 Calvet i Valera<\/strong>, e le aziende del settore logistico e marittimo. L&#8217;incontro, tenutosi presso il Terminale Grimaldi del Porto di Barcellona, \u200b\u200bsi \u00e8 svolto con l&#8217;obiettivo di condividere le preoccupazioni e gli obiettivi futuri degli operatori del settore. Durante l&#8217;incontro, il Presidente della Camera di Commercio Italiana &#8211; Barcellona, \u200b\u200b<strong>Igor Garzesi<\/strong>, ha sottolineato l&#8217;importanza della logistica in qualsiasi transazione commerciale e l&#8217;interesse nell&#8217;esaminare questioni presenti e future, concetto messo in evidenza anche da <strong>Mario Massarotti<\/strong>, amministratore delegato di Grimaldi e vicepresidente della Camera di Commercio Italiana &#8211; Barcellona, \u200b\u200bche ha aggiunto l&#8217;importanza dell&#8217;esistenza di infrastrutture logistiche il cui funzionamento \u00e8 efficiente. La rete di infrastrutture sviluppata dal Gruppo Grimaldi ha permesso a diverse aziende italiane in grado di cogliere le opportunit\u00e0 delle autostrade del mare di sviluppare importanti scambi commerciali tra l&#8217;Italia e la Spagna, e quindi di strutturare la propria attivit\u00e0 anche nel territorio spagnolo. \u00c8 il caso di Transitalia e SMET, entrambi membri della Camera, che hanno stabilito casa in Spagna con grande successo. \u00c8 stato anche osservato come alcune aziende spagnole stiano approfittando delle opportunit\u00e0 create dal Gruppo Grimaldi di consolidare la propria attivit\u00e0 e di investire nel territorio italiano; in questo senso, \u00e8 stata sottolineata l&#8217;importanza dell&#8217;attivit\u00e0 associativa e&nbsp; delle pressioni sviluppate grazie ad ALIS, per cui \u00e8 stato creato il primo partenariato logistico integrato a livello europeo. Mario Massarotti ha, inoltre, informato del fatto che l&#8217;azienda ha confermato un ordine di 12 navi, e la loro consegna \u00e8 in programma a partire dalla seconda met\u00e0 del 2020: le nuove unit\u00e0, denominate Grimaldi Verde 5 \u00b0 generazione, saranno le navi pi\u00f9 grandi del mondo Ro-ro, e avranno una capacit\u00e0 di 520 rimorchi, che raddoppier\u00e0 la capacit\u00e0 del Eurocargo attualmente utilizzato nei servizi di Italia-Spagna. Il GG5 Generation sar\u00e0 inoltre caratterizzato da navi eco-sostenibili, per raggiungere l&#8217;obiettivo di zero emissioni di CO2 in porto da parte delle navi una volta ormeggiate, generata da pile e anche attraverso l&#8217;uso di &#8220;scrubber&#8221;, con cui le nuove navi possono ridurre il contenuto zolfo fino allo 0,1%, significativamente inferiore allo 0,5% imposto dalla recente normativa IMO in vigore dal 1 \u00b0 gennaio 2020. Il tema dell&#8217;importanza della sostenibilit\u00e0 \u00e8 stato messo in evidenza pi\u00f9 volte durante l&#8217;incontro anche dal Consigliere <strong>Dami\u00e0 Calvet i Valera<\/strong>, che ha parlato mettendo in evidenza la posizione strategica del porto di Barcellona e l&#8217;importanza di promuovere la creazione di infrastrutture che siano efficienti e rispettose dell&#8217;ambiente per uno sviluppo sostenibile a lungo termine. Gli obiettivi di sostenibilit\u00e0 ed efficienza sono state anche condivisi dal Presidente del Porto, <strong>Merc\u00e9 Conesa,<\/strong> sottolineando l&#8217;importanza che la presenza delle imprese italiane hanno sul territorio spagnolo per il corretto funzionamento delle autostrade del mare.<\/span><\/p>\n","protected":false},"excerpt":{"rendered":"<p>Lo scorso Mercoled\u00ec 27 marzo 2019, la Camera di Commercio Italiana &#8211; Barcellona ha organizzato l&#8217;incontro tra il Ministro del Territorio e della Sostenibilit\u00e0, Dami\u00e0 Calvet i Valera, e le aziende del settore logistico e marittimo. L&#8217;incontro, tenutosi presso il Terminale Grimaldi del Porto di Barcellona, \u200b\u200bsi \u00e8 svolto con l&#8217;obiettivo di condividere le preoccupazioni [&hellip;]<\/p>\n","protected":false},"author":2,"featured_media":27895,"comment_status":"open","ping_status":"closed","sticky":false,"template":"","format":"standard","meta":{"_exactmetrics_skip_tracking":false,"_exactmetrics_sitenote_active":false,"_exactmetrics_sitenote_note":"","_exactmetrics_sitenote_category":0,"ngg_post_thumbnail":0,"footnotes":""},"categories":[11],"tags":[],"class_list":["post-27896","post","type-post","status-publish","format-standard","has-post-thumbnail","hentry","category-non-categorizzato"],"_links":{"self":[{"href":"http:\/\/www.cameraitalianabarcelona.com\/it\/wp-json\/wp\/v2\/posts\/27896","targetHints":{"allow":["GET"]}}],"collection":[{"href":"http:\/\/www.cameraitalianabarcelona.com\/it\/wp-json\/wp\/v2\/posts"}],"about":[{"href":"http:\/\/www.cameraitalianabarcelona.com\/it\/wp-json\/wp\/v2\/types\/post"}],"author":[{"embeddable":true,"href":"http:\/\/www.cameraitalianabarcelona.com\/it\/wp-json\/wp\/v2\/users\/2"}],"replies":[{"embeddable":true,"href":"http:\/\/www.cameraitalianabarcelona.com\/it\/wp-json\/wp\/v2\/comments?post=27896"}],"version-history":[{"count":3,"href":"http:\/\/www.cameraitalianabarcelona.com\/it\/wp-json\/wp\/v2\/posts\/27896\/revisions"}],"predecessor-version":[{"id":27906,"href":"http:\/\/www.cameraitalianabarcelona.com\/it\/wp-json\/wp\/v2\/posts\/27896\/revisions\/27906"}],"wp:featuredmedia":[{"embeddable":true,"href":"http:\/\/www.cameraitalianabarcelona.com\/it\/wp-json\/wp\/v2\/media\/27895"}],"wp:attachment":[{"href":"http:\/\/www.cameraitalianabarcelona.com\/it\/wp-json\/wp\/v2\/media?parent=27896"}],"wp:term":[{"taxonomy":"category","embeddable":true,"href":"http:\/\/www.cameraitalianabarcelona.com\/it\/wp-json\/wp\/v2\/categories?post=27896"},{"taxonomy":"post_tag","embeddable":true,"href":"http:\/\/www.cameraitalianabarcelona.com\/it\/wp-json\/wp\/v2\/tags?post=27896"}],"curies":[{"name":"wp","href":"https:\/\/api.w.org\/{rel}","templated":true}]}}