{"id":27858,"date":"2019-03-29T11:13:31","date_gmt":"2019-03-29T11:13:31","guid":{"rendered":"http:\/\/www.cameraitalianabarcelona.com\/?p=27858\/"},"modified":"2019-03-29T11:36:42","modified_gmt":"2019-03-29T11:36:42","slug":"masterclass-gastronomia-siciliana","status":"publish","type":"post","link":"http:\/\/www.cameraitalianabarcelona.com\/it\/2019\/03\/masterclass-gastronomia-siciliana\/","title":{"rendered":"MASTERCLASS GASTRONOMIA SICILIANA IN COLLABORAZIONE CON IL RISTORANTE UN&#8217;ALTRA STORIA"},"content":{"rendered":"<p><a href=\"http:\/\/www.cameraitalianabarcelona.com\/wp-content\/uploads\/2019\/03\/un-altra-storia-chefs-62ed5-2.jpg\"><img loading=\"lazy\" decoding=\"async\" class=\"aligncenter size-medium wp-image-27860\" src=\"http:\/\/www.cameraitalianabarcelona.com\/wp-content\/uploads\/2019\/03\/un-altra-storia-chefs-62ed5-2-300x188.jpg\" alt=\"\" width=\"300\" height=\"188\" srcset=\"http:\/\/www.cameraitalianabarcelona.com\/wp-content\/uploads\/2019\/03\/un-altra-storia-chefs-62ed5-2-300x188.jpg 300w, http:\/\/www.cameraitalianabarcelona.com\/wp-content\/uploads\/2019\/03\/un-altra-storia-chefs-62ed5-2-330x207.jpg 330w, http:\/\/www.cameraitalianabarcelona.com\/wp-content\/uploads\/2019\/03\/un-altra-storia-chefs-62ed5-2-414x260.jpg 414w, http:\/\/www.cameraitalianabarcelona.com\/wp-content\/uploads\/2019\/03\/un-altra-storia-chefs-62ed5-2-600x376.jpg 600w, http:\/\/www.cameraitalianabarcelona.com\/wp-content\/uploads\/2019\/03\/un-altra-storia-chefs-62ed5-2.jpg 609w\" sizes=\"auto, (max-width: 300px) 100vw, 300px\" \/><\/a><\/p>\n<p style=\"text-align: justify;\"><span style=\"color: #000000;\">Il prossimo <strong>4 Aprile<\/strong>, all&#8217;interno dello spazio gastronomico <strong>Slow Food Kitchen <\/strong>avr\u00e0 luogo una <strong>Masterclass<\/strong> impartita da Giuseppe Palo, chef del Ristorante <strong>Un&#8217;Altra Storia. <\/strong>Giuseppe presenter\u00e0 i prodotti italiani e racconter\u00e0 la storia e le tradizioni dei prodotti tipici della regione siciliana. La Masterclass, destinata a food bloggers, stampa ed agli operatori del settore, \u00e8 quella far conoscere la gastronomia italiana autentica e l&#8217;importanza di una cosciente selezione dei prodotti affinch\u00e8 si mantegano in vita le tradizioni del territorio d&#8217;origine, con un focus sul consumo di prodotti DOP &amp; IGP e sulla sostenibilit\u00e0. <\/span><\/p>\n<p style=\"text-align: justify;\"><span style=\"color: #000000;\">L&#8217;evento, organizzato dalla <strong>Camera di Commercio Italiana- Barcellona<\/strong>, \u00e8 parte della pi\u00f9 ampia campagna <strong>True Italian Taste<\/strong>, promossa dal <strong>Ministero dello Sviluppo Economico Italiano<\/strong>&nbsp;e realizzata da <strong>Assocamerestero<\/strong>, l&#8217;Associazione delle Camere di Commercio Italiane all&#8217;Estero, con l&#8217;obiettivo di sensibilizzare il pubblico al fenomeno dell Italian Sounding e per valorizzare e salvaguardare il prodotto agroalimentare autentico.&nbsp;<\/span><\/p>\n<p style=\"text-align: justify;\"><span style=\"color: #000000;\"><strong>Orario: <\/strong>dalle ore 19:00 alle ore 22:00<\/span><\/p>\n<p><span style=\"color: #000000;\"><strong>Dove<\/strong>: Carrer del Fonollar 14 Barcelona<\/span><\/p>\n","protected":false},"excerpt":{"rendered":"<p>Il prossimo 4 Aprile, all&#8217;interno dello spazio gastronomico Slow Food Kitchen avr\u00e0 luogo una Masterclass impartita da Giuseppe Palo, chef del Ristorante Un&#8217;Altra Storia. Giuseppe presenter\u00e0 i prodotti italiani e racconter\u00e0 la storia e le tradizioni dei prodotti tipici della regione siciliana. La Masterclass, destinata a food bloggers, stampa ed agli operatori del settore, \u00e8 [&hellip;]<\/p>\n","protected":false},"author":2,"featured_media":27860,"comment_status":"open","ping_status":"closed","sticky":false,"template":"","format":"standard","meta":{"_exactmetrics_skip_tracking":false,"_exactmetrics_sitenote_active":false,"_exactmetrics_sitenote_note":"","_exactmetrics_sitenote_category":0,"ngg_post_thumbnail":0,"footnotes":""},"categories":[11],"tags":[],"class_list":["post-27858","post","type-post","status-publish","format-standard","has-post-thumbnail","hentry","category-non-categorizzato"],"_links":{"self":[{"href":"http:\/\/www.cameraitalianabarcelona.com\/it\/wp-json\/wp\/v2\/posts\/27858","targetHints":{"allow":["GET"]}}],"collection":[{"href":"http:\/\/www.cameraitalianabarcelona.com\/it\/wp-json\/wp\/v2\/posts"}],"about":[{"href":"http:\/\/www.cameraitalianabarcelona.com\/it\/wp-json\/wp\/v2\/types\/post"}],"author":[{"embeddable":true,"href":"http:\/\/www.cameraitalianabarcelona.com\/it\/wp-json\/wp\/v2\/users\/2"}],"replies":[{"embeddable":true,"href":"http:\/\/www.cameraitalianabarcelona.com\/it\/wp-json\/wp\/v2\/comments?post=27858"}],"version-history":[{"count":4,"href":"http:\/\/www.cameraitalianabarcelona.com\/it\/wp-json\/wp\/v2\/posts\/27858\/revisions"}],"predecessor-version":[{"id":27872,"href":"http:\/\/www.cameraitalianabarcelona.com\/it\/wp-json\/wp\/v2\/posts\/27858\/revisions\/27872"}],"wp:featuredmedia":[{"embeddable":true,"href":"http:\/\/www.cameraitalianabarcelona.com\/it\/wp-json\/wp\/v2\/media\/27860"}],"wp:attachment":[{"href":"http:\/\/www.cameraitalianabarcelona.com\/it\/wp-json\/wp\/v2\/media?parent=27858"}],"wp:term":[{"taxonomy":"category","embeddable":true,"href":"http:\/\/www.cameraitalianabarcelona.com\/it\/wp-json\/wp\/v2\/categories?post=27858"},{"taxonomy":"post_tag","embeddable":true,"href":"http:\/\/www.cameraitalianabarcelona.com\/it\/wp-json\/wp\/v2\/tags?post=27858"}],"curies":[{"name":"wp","href":"https:\/\/api.w.org\/{rel}","templated":true}]}}