{"id":27796,"date":"2019-03-15T12:04:01","date_gmt":"2019-03-15T12:04:01","guid":{"rendered":"http:\/\/www.cameraitalianabarcelona.com\/?p=27796\/"},"modified":"2019-03-18T10:56:44","modified_gmt":"2019-03-18T10:56:44","slug":"promozione-in-negozi-gourmet-emporio-mandarosso-e-le-delizie","status":"publish","type":"post","link":"http:\/\/www.cameraitalianabarcelona.com\/it\/2019\/03\/promozione-in-negozi-gourmet-emporio-mandarosso-e-le-delizie\/","title":{"rendered":"PROMOZIONE IN NEGOZI GOURMET &#8220;EMPORIO MANDAROSSO&#8221; E &#8220;LE DELIZIE&#8221;"},"content":{"rendered":"<p style=\"text-align: justify;\"><span style=\"color: #000000;\"><a href=\"http:\/\/www.cameraitalianabarcelona.com\/wp-content\/uploads\/2019\/03\/46e92f_7d843843977344cdb9f75ee887e0fc90_mv2.jpg\"><img loading=\"lazy\" decoding=\"async\" class=\"aligncenter size-medium wp-image-27792\" src=\"http:\/\/www.cameraitalianabarcelona.com\/wp-content\/uploads\/2019\/03\/46e92f_7d843843977344cdb9f75ee887e0fc90_mv2-300x172.jpg\" alt=\"\" width=\"300\" height=\"172\" srcset=\"http:\/\/www.cameraitalianabarcelona.com\/wp-content\/uploads\/2019\/03\/46e92f_7d843843977344cdb9f75ee887e0fc90_mv2-300x172.jpg 300w, http:\/\/www.cameraitalianabarcelona.com\/wp-content\/uploads\/2019\/03\/46e92f_7d843843977344cdb9f75ee887e0fc90_mv2-330x189.jpg 330w, http:\/\/www.cameraitalianabarcelona.com\/wp-content\/uploads\/2019\/03\/46e92f_7d843843977344cdb9f75ee887e0fc90_mv2-414x237.jpg 414w, http:\/\/www.cameraitalianabarcelona.com\/wp-content\/uploads\/2019\/03\/46e92f_7d843843977344cdb9f75ee887e0fc90_mv2.jpg 511w\" sizes=\"auto, (max-width: 300px) 100vw, 300px\" \/><\/a>La <strong>Camera di Commercio Italiana- Barcellona<\/strong>, impegnata nella protezione del prodotto agroalimentare italiano autentico, organizzer\u00e1, <strong>dal 22 al 30 Marzo<\/strong>, una promozione di prodotti DOP &amp; IGP. L&#8217;iniziativa \u00e9 parte della pi\u00fa ampia campagna <strong>True Italian Taste<\/strong>, promossa dal <strong>Ministero dello Sviluppo Economico Italiano<\/strong> e realizzata da <strong>Assocamerestero<\/strong> in collaborazione con le Camere di Commercio Italiane all&#8217;Estero, per valorizzare e salvaguardare il prodotto agroalimentare italiano autentico. <\/span><\/p>\n<p style=\"text-align: justify;\"><span style=\"color: #000000;\">La Camera realizzer\u00e1 due spazi espositivi in due dei negozi gourmet pi\u00fa conosciuti: &#8220;<strong>Emporio Mandarosso<\/strong>&#8221; situato in C\/ de la Mare de D\u00e9u de Pilar 11\/13 e &#8220;<strong>Le Delizie<\/strong>&#8220;, situato in Carrer Major de Sarri\u00e1 43. I consumatori avranno la possibilit\u00e1 di conoscere i prodotti genuini e artigianali, frutto della passione e della tradizione di importanti produttori e artigiani della gastronomia italiana: dalla pasta ai vini, dalle salse ai formaggi. L&#8217;obiettivo \u00e9 quello di diffondere i valori in relazione al prodotti italiano autentico e sensibilizzare il pubblico al fenomeno del <em>Italian Sounding<\/em>.<\/span><\/p>\n","protected":false},"excerpt":{"rendered":"<p>La Camera di Commercio Italiana- Barcellona, impegnata nella protezione del prodotto agroalimentare italiano autentico, organizzer\u00e1, dal 22 al 30 Marzo, una promozione di prodotti DOP &amp; IGP. L&#8217;iniziativa \u00e9 parte della pi\u00fa ampia campagna True Italian Taste, promossa dal Ministero dello Sviluppo Economico Italiano e realizzata da Assocamerestero in collaborazione con le Camere di Commercio [&hellip;]<\/p>\n","protected":false},"author":2,"featured_media":27793,"comment_status":"open","ping_status":"closed","sticky":false,"template":"","format":"standard","meta":{"_exactmetrics_skip_tracking":false,"_exactmetrics_sitenote_active":false,"_exactmetrics_sitenote_note":"","_exactmetrics_sitenote_category":0,"ngg_post_thumbnail":0,"footnotes":""},"categories":[11],"tags":[],"class_list":["post-27796","post","type-post","status-publish","format-standard","has-post-thumbnail","hentry","category-non-categorizzato"],"_links":{"self":[{"href":"http:\/\/www.cameraitalianabarcelona.com\/it\/wp-json\/wp\/v2\/posts\/27796","targetHints":{"allow":["GET"]}}],"collection":[{"href":"http:\/\/www.cameraitalianabarcelona.com\/it\/wp-json\/wp\/v2\/posts"}],"about":[{"href":"http:\/\/www.cameraitalianabarcelona.com\/it\/wp-json\/wp\/v2\/types\/post"}],"author":[{"embeddable":true,"href":"http:\/\/www.cameraitalianabarcelona.com\/it\/wp-json\/wp\/v2\/users\/2"}],"replies":[{"embeddable":true,"href":"http:\/\/www.cameraitalianabarcelona.com\/it\/wp-json\/wp\/v2\/comments?post=27796"}],"version-history":[{"count":3,"href":"http:\/\/www.cameraitalianabarcelona.com\/it\/wp-json\/wp\/v2\/posts\/27796\/revisions"}],"predecessor-version":[{"id":27801,"href":"http:\/\/www.cameraitalianabarcelona.com\/it\/wp-json\/wp\/v2\/posts\/27796\/revisions\/27801"}],"wp:featuredmedia":[{"embeddable":true,"href":"http:\/\/www.cameraitalianabarcelona.com\/it\/wp-json\/wp\/v2\/media\/27793"}],"wp:attachment":[{"href":"http:\/\/www.cameraitalianabarcelona.com\/it\/wp-json\/wp\/v2\/media?parent=27796"}],"wp:term":[{"taxonomy":"category","embeddable":true,"href":"http:\/\/www.cameraitalianabarcelona.com\/it\/wp-json\/wp\/v2\/categories?post=27796"},{"taxonomy":"post_tag","embeddable":true,"href":"http:\/\/www.cameraitalianabarcelona.com\/it\/wp-json\/wp\/v2\/tags?post=27796"}],"curies":[{"name":"wp","href":"https:\/\/api.w.org\/{rel}","templated":true}]}}