{"id":27509,"date":"2019-03-07T14:57:38","date_gmt":"2019-03-07T14:57:38","guid":{"rendered":"http:\/\/www.cameraitalianabarcelona.com\/?p=27509\/"},"modified":"2019-03-07T14:59:14","modified_gmt":"2019-03-07T14:59:14","slug":"intelligenza-artificiale-e-improvvisazione-musicale-a-mint-alex-braga-special-guest-francesco-tristano-in-concerto-al-mutek-barcello","status":"publish","type":"post","link":"http:\/\/www.cameraitalianabarcelona.com\/it\/2019\/03\/intelligenza-artificiale-e-improvvisazione-musicale-a-mint-alex-braga-special-guest-francesco-tristano-in-concerto-al-mutek-barcello\/","title":{"rendered":"Intelligenza artificiale e improvvisazione musicale: A-MINT &#8211; Alex Braga + special guest Francesco Tristano in concerto al MUTEK Barcello"},"content":{"rendered":"<p><a href=\"http:\/\/www.cameraitalianabarcelona.com\/wp-content\/uploads\/2019\/03\/mint.png\"><img loading=\"lazy\" decoding=\"async\" class=\"aligncenter size-full wp-image-27506\" src=\"http:\/\/www.cameraitalianabarcelona.com\/wp-content\/uploads\/2019\/03\/mint.png\" alt=\"\" width=\"555\" height=\"472\" srcset=\"http:\/\/www.cameraitalianabarcelona.com\/wp-content\/uploads\/2019\/03\/mint.png 555w, http:\/\/www.cameraitalianabarcelona.com\/wp-content\/uploads\/2019\/03\/mint-300x255.png 300w, http:\/\/www.cameraitalianabarcelona.com\/wp-content\/uploads\/2019\/03\/mint-306x260.png 306w, http:\/\/www.cameraitalianabarcelona.com\/wp-content\/uploads\/2019\/03\/mint-487x414.png 487w, http:\/\/www.cameraitalianabarcelona.com\/wp-content\/uploads\/2019\/03\/mint-414x352.png 414w\" sizes=\"auto, (max-width: 555px) 100vw, 555px\" \/><\/a><\/p>\n<p style=\"text-align: justify;\"><span style=\"color: #000000;\">Il prossimo sabato 9 marzo Alex Braga con special guest Francesco Tristano, pianista di fama internazionale, saranno in concerto a Barcellona con il progetto A-MINT (<strong>A<\/strong>rtificial&nbsp;<strong>M<\/strong>usic&nbsp;<strong>INT<\/strong>elligence), nell\u2019ambito della decima edizione del festival internazionale della creativit\u00e0 digitale MUTEK (6 &#8211; 9 marzo 2019). Il Consolato Generale collabora a questa iniziativa,&nbsp;nell\u2019ambito&nbsp;della&nbsp;strategia ITmakES, che valorizza il talento italiano nel mondo e l&#8217;innovazione nell&#8217;industria culturale e creativa.&nbsp;&nbsp;<\/span><\/p>\n<p style=\"text-align: justify;\"><span style=\"color: #000000;\">La collaborazione tra l&#8217;artista concettuale Alex Braga e il pianista Francesco Tristano prevede l&#8217;utilizzo di algoritmi creati da Braga da applicare ad improvvisazioni musicali di Tristano, dando vita ad orchestrazioni di intelligenza artificiale dal vivo e a video generativi.&nbsp;I biglietti si possono acquistare all\u2019indirizzo&nbsp;<a style=\"color: #000000;\" href=\"http:\/\/www.mutek.org\/en\/spain\/2019\/tickets\">http:\/\/www.mutek.org\/en\/spain\/2019\/tickets<\/a>.&nbsp;&nbsp;<\/span><\/p>\n<p style=\"text-align: justify;\"><span style=\"color: #000000;\">Il consolato offre a tutti gli italiani residenti a Barcellona la possibilit\u00e0 di avere un invito per partecipare gratuitamente al concerto del 9 marzo (evento di grande rilievo e che si prevede sar\u00e0 presto sold out). Le prime dieci persone italiane residenti in questa circoscrizione consolare che invieranno una mail a <strong><a style=\"color: #000000;\" href=\"mailto:marianna.zpp@gmail.com\">marianna.zpp@gmail.com<\/a><\/strong> con nome, cognome e indirizzo di residenza in Spagna, riceveranno un biglietto omaggio.&nbsp;<\/span><\/p>\n<p style=\"text-align: justify;\"><span style=\"color: #000000;\">Inoltre gioved\u00ec 7 marzo MUTEK.ES e PHONOS, il centro di creazione musicale e tecnologica connesso alla Universit\u00e0 Pompeu Fabra presenteranno A-MINT con Alex Braga ed il professore Antonino Laudani alla Sala Arany\u00f3. Per accreditarsi alla presentazione&nbsp;(ad ingresso libero fino ad esaurimento posti):&nbsp;Registrarsi&nbsp;<a style=\"color: #000000;\" href=\"https:\/\/mailchi.mp\/17ac8dc6ee39\/a_mint_talk_mutek_2019_phonos\">QUI<\/a><\/span><\/p>\n","protected":false},"excerpt":{"rendered":"<p>Il prossimo sabato 9 marzo Alex Braga con special guest Francesco Tristano, pianista di fama internazionale, saranno in concerto a Barcellona con il progetto A-MINT (Artificial&nbsp;Music&nbsp;INTelligence), nell\u2019ambito della decima edizione del festival internazionale della creativit\u00e0 digitale MUTEK (6 &#8211; 9 marzo 2019). Il Consolato Generale collabora a questa iniziativa,&nbsp;nell\u2019ambito&nbsp;della&nbsp;strategia ITmakES, che valorizza il talento italiano [&hellip;]<\/p>\n","protected":false},"author":2,"featured_media":27507,"comment_status":"open","ping_status":"closed","sticky":false,"template":"","format":"standard","meta":{"_exactmetrics_skip_tracking":false,"_exactmetrics_sitenote_active":false,"_exactmetrics_sitenote_note":"","_exactmetrics_sitenote_category":0,"ngg_post_thumbnail":0,"footnotes":""},"categories":[11],"tags":[],"class_list":["post-27509","post","type-post","status-publish","format-standard","has-post-thumbnail","hentry","category-non-categorizzato"],"_links":{"self":[{"href":"http:\/\/www.cameraitalianabarcelona.com\/it\/wp-json\/wp\/v2\/posts\/27509","targetHints":{"allow":["GET"]}}],"collection":[{"href":"http:\/\/www.cameraitalianabarcelona.com\/it\/wp-json\/wp\/v2\/posts"}],"about":[{"href":"http:\/\/www.cameraitalianabarcelona.com\/it\/wp-json\/wp\/v2\/types\/post"}],"author":[{"embeddable":true,"href":"http:\/\/www.cameraitalianabarcelona.com\/it\/wp-json\/wp\/v2\/users\/2"}],"replies":[{"embeddable":true,"href":"http:\/\/www.cameraitalianabarcelona.com\/it\/wp-json\/wp\/v2\/comments?post=27509"}],"version-history":[{"count":3,"href":"http:\/\/www.cameraitalianabarcelona.com\/it\/wp-json\/wp\/v2\/posts\/27509\/revisions"}],"predecessor-version":[{"id":27512,"href":"http:\/\/www.cameraitalianabarcelona.com\/it\/wp-json\/wp\/v2\/posts\/27509\/revisions\/27512"}],"wp:featuredmedia":[{"embeddable":true,"href":"http:\/\/www.cameraitalianabarcelona.com\/it\/wp-json\/wp\/v2\/media\/27507"}],"wp:attachment":[{"href":"http:\/\/www.cameraitalianabarcelona.com\/it\/wp-json\/wp\/v2\/media?parent=27509"}],"wp:term":[{"taxonomy":"category","embeddable":true,"href":"http:\/\/www.cameraitalianabarcelona.com\/it\/wp-json\/wp\/v2\/categories?post=27509"},{"taxonomy":"post_tag","embeddable":true,"href":"http:\/\/www.cameraitalianabarcelona.com\/it\/wp-json\/wp\/v2\/tags?post=27509"}],"curies":[{"name":"wp","href":"https:\/\/api.w.org\/{rel}","templated":true}]}}