{"id":27272,"date":"2019-02-27T09:44:49","date_gmt":"2019-02-27T09:44:49","guid":{"rendered":"http:\/\/www.cameraitalianabarcelona.com\/?p=27272\/"},"modified":"2019-02-27T09:44:49","modified_gmt":"2019-02-27T09:44:49","slug":"tavola-rotonda-del-settore-farmaceutico-e-naviero-logistico","status":"publish","type":"post","link":"http:\/\/www.cameraitalianabarcelona.com\/it\/2019\/02\/tavola-rotonda-del-settore-farmaceutico-e-naviero-logistico\/","title":{"rendered":"TAVOLA ROTONDA DEL SETTORE FARMACEUTICO E NAVIERO-LOGISTICO"},"content":{"rendered":"<p><a href=\"http:\/\/www.cameraitalianabarcelona.com\/wp-content\/uploads\/2019\/01\/ENCUENTRO-LOGISTICA-1.jpeg\"><img loading=\"lazy\" decoding=\"async\" class=\"size-medium wp-image-26949 aligncenter\" src=\"http:\/\/www.cameraitalianabarcelona.com\/wp-content\/uploads\/2019\/01\/ENCUENTRO-LOGISTICA-1-300x225.jpeg\" alt=\"\" width=\"300\" height=\"225\" srcset=\"http:\/\/www.cameraitalianabarcelona.com\/wp-content\/uploads\/2019\/01\/ENCUENTRO-LOGISTICA-1-300x225.jpeg 300w, http:\/\/www.cameraitalianabarcelona.com\/wp-content\/uploads\/2019\/01\/ENCUENTRO-LOGISTICA-1-768x576.jpeg 768w, http:\/\/www.cameraitalianabarcelona.com\/wp-content\/uploads\/2019\/01\/ENCUENTRO-LOGISTICA-1-1024x768.jpeg 1024w, http:\/\/www.cameraitalianabarcelona.com\/wp-content\/uploads\/2019\/01\/ENCUENTRO-LOGISTICA-1-330x248.jpeg 330w, http:\/\/www.cameraitalianabarcelona.com\/wp-content\/uploads\/2019\/01\/ENCUENTRO-LOGISTICA-1.jpeg 1599w, http:\/\/www.cameraitalianabarcelona.com\/wp-content\/uploads\/2019\/01\/ENCUENTRO-LOGISTICA-1-552x414.jpeg 552w, http:\/\/www.cameraitalianabarcelona.com\/wp-content\/uploads\/2019\/01\/ENCUENTRO-LOGISTICA-1-1280x961.jpeg 1280w, http:\/\/www.cameraitalianabarcelona.com\/wp-content\/uploads\/2019\/01\/ENCUENTRO-LOGISTICA-1-414x311.jpeg 414w, http:\/\/www.cameraitalianabarcelona.com\/wp-content\/uploads\/2019\/01\/ENCUENTRO-LOGISTICA-1-600x450.jpeg 600w\" sizes=\"auto, (max-width: 300px) 100vw, 300px\" \/><\/a><\/p>\n<p style=\"text-align: justify;\"><span style=\"color: #000000;\">Il giorno <strong>19 Febbraio<\/strong>, la Camera di Commercio ha organizzato il primo incontro settoriale dell&#8217;anno dedicato al settore farmaceutico, tra le imprese italiane presenti sul territorio e i responsabili dell&#8217;Area Medica del Servei Catal\u00e1 de la Salut.<\/span><\/p>\n<p style=\"text-align: justify;\"><span style=\"color: #000000;\">L&#8217;incontro \u00e9 stata un&#8217;occasione di dibattito con l&#8217;obbiettivo di conoscere ed approfondire temi di interesse quali le linee strategiche, cos\u00ed come le novit\u00e1 della medicina, l&#8217;impatto socio-economico delle imprese farmaceutiche italiane in Catalogna e le linee operative della prestazione farmaceutica.<\/span><\/p>\n<p style=\"text-align: justify;\"><span style=\"color: #000000;\">Sulla stessa linea il<strong> 27 Marzo<\/strong> ci sar\u00e1 un incontro tra il Consigliere del Territorio e Sostenibilit\u00e1, il Signor Dami\u00e1 Calvet i Valera e le imprese del settore naviero-logistico, che terranno un dibattito riguardo la situazione attuale e le prossime sfide del settore e del territorio.<\/span><\/p>\n<p style=\"text-align: justify;\"><span style=\"color: #000000;\">Entrambi gli incontri vedranno la partecipazione di tutte le imprese italiane che rappresentano un importante pilastro per lo sviluppo dei due settori nel territorio della CCI Barcellona.<\/span><\/p>\n","protected":false},"excerpt":{"rendered":"<p>Il giorno 19 Febbraio, la Camera di Commercio ha organizzato il primo incontro settoriale dell&#8217;anno dedicato al settore farmaceutico, tra le imprese italiane presenti sul territorio e i responsabili dell&#8217;Area Medica del Servei Catal\u00e1 de la Salut. L&#8217;incontro \u00e9 stata un&#8217;occasione di dibattito con l&#8217;obbiettivo di conoscere ed approfondire temi di interesse quali le linee [&hellip;]<\/p>\n","protected":false},"author":2,"featured_media":26949,"comment_status":"open","ping_status":"closed","sticky":false,"template":"","format":"standard","meta":{"_exactmetrics_skip_tracking":false,"_exactmetrics_sitenote_active":false,"_exactmetrics_sitenote_note":"","_exactmetrics_sitenote_category":0,"ngg_post_thumbnail":0,"footnotes":""},"categories":[11],"tags":[],"class_list":["post-27272","post","type-post","status-publish","format-standard","has-post-thumbnail","hentry","category-non-categorizzato"],"_links":{"self":[{"href":"http:\/\/www.cameraitalianabarcelona.com\/it\/wp-json\/wp\/v2\/posts\/27272","targetHints":{"allow":["GET"]}}],"collection":[{"href":"http:\/\/www.cameraitalianabarcelona.com\/it\/wp-json\/wp\/v2\/posts"}],"about":[{"href":"http:\/\/www.cameraitalianabarcelona.com\/it\/wp-json\/wp\/v2\/types\/post"}],"author":[{"embeddable":true,"href":"http:\/\/www.cameraitalianabarcelona.com\/it\/wp-json\/wp\/v2\/users\/2"}],"replies":[{"embeddable":true,"href":"http:\/\/www.cameraitalianabarcelona.com\/it\/wp-json\/wp\/v2\/comments?post=27272"}],"version-history":[{"count":1,"href":"http:\/\/www.cameraitalianabarcelona.com\/it\/wp-json\/wp\/v2\/posts\/27272\/revisions"}],"predecessor-version":[{"id":27273,"href":"http:\/\/www.cameraitalianabarcelona.com\/it\/wp-json\/wp\/v2\/posts\/27272\/revisions\/27273"}],"wp:featuredmedia":[{"embeddable":true,"href":"http:\/\/www.cameraitalianabarcelona.com\/it\/wp-json\/wp\/v2\/media\/26949"}],"wp:attachment":[{"href":"http:\/\/www.cameraitalianabarcelona.com\/it\/wp-json\/wp\/v2\/media?parent=27272"}],"wp:term":[{"taxonomy":"category","embeddable":true,"href":"http:\/\/www.cameraitalianabarcelona.com\/it\/wp-json\/wp\/v2\/categories?post=27272"},{"taxonomy":"post_tag","embeddable":true,"href":"http:\/\/www.cameraitalianabarcelona.com\/it\/wp-json\/wp\/v2\/tags?post=27272"}],"curies":[{"name":"wp","href":"https:\/\/api.w.org\/{rel}","templated":true}]}}