{"id":27231,"date":"2019-02-25T12:04:08","date_gmt":"2019-02-25T12:04:08","guid":{"rendered":"http:\/\/www.cameraitalianabarcelona.com\/?p=27231\/"},"modified":"2019-02-25T12:13:58","modified_gmt":"2019-02-25T12:13:58","slug":"http-www-cameraitalianabarcelona-com-it-momento-italiano-con-manuel-valls-28-02-2019","status":"publish","type":"post","link":"http:\/\/www.cameraitalianabarcelona.com\/it\/2019\/02\/http-www-cameraitalianabarcelona-com-it-momento-italiano-con-manuel-valls-28-02-2019\/","title":{"rendered":"MOMENTO ITALIANO CON MANUEL VALLS, 28\/02\/2019"},"content":{"rendered":"<p><a href=\"http:\/\/www.cameraitalianabarcelona.com\/wp-content\/uploads\/2019\/02\/MANUEL-VALLS.jpg\"><img loading=\"lazy\" decoding=\"async\" class=\"size-medium wp-image-27226 aligncenter\" src=\"http:\/\/www.cameraitalianabarcelona.com\/wp-content\/uploads\/2019\/02\/MANUEL-VALLS-214x300.jpg\" alt=\"\" width=\"214\" height=\"300\" srcset=\"http:\/\/www.cameraitalianabarcelona.com\/wp-content\/uploads\/2019\/02\/MANUEL-VALLS-214x300.jpg 214w, http:\/\/www.cameraitalianabarcelona.com\/wp-content\/uploads\/2019\/02\/MANUEL-VALLS-186x260.jpg 186w, http:\/\/www.cameraitalianabarcelona.com\/wp-content\/uploads\/2019\/02\/MANUEL-VALLS-600x840.jpg 600w, http:\/\/www.cameraitalianabarcelona.com\/wp-content\/uploads\/2019\/02\/MANUEL-VALLS.jpg 220w\" sizes=\"auto, (max-width: 214px) 100vw, 214px\" \/><\/a><\/p>\n<p style=\"text-align: justify;\"><span style=\"color: #000000;\">La Camera di Commercio Italiana di Barcellona organizzer\u00e1 una seria di incontri con tutti i candidati alle prossime elezioni municipali. Per questi incontri la Camera conta sulla collaborazione del network Nuovi Italiani a Barcellona.<\/span><\/p>\n<p style=\"text-align: justify;\"><span style=\"color: #000000;\">Il primo incontro vedr\u00e1 la partecipazione del Candidato per i Cittadini, Signor Manuel Valls, che presenter\u00e1 ai presenti le proposte per il futuro della citt\u00e1 di Barcellona.<\/span><\/p>\n<p style=\"text-align: justify;\"><span style=\"color: #000000;\">L&#8217;incontro si terr\u00e1 Gioved\u00ed 28 Febbraio alle ore 18:30 presso il Ristorante Massimo (Via Augusta, 217 -08021 Barcellona).<\/span><\/p>\n<p style=\"text-align: justify;\"><span style=\"color: #000000;\">Evento riservato ai soci della Camera.<\/span><\/p>\n","protected":false},"excerpt":{"rendered":"<p>La Camera di Commercio Italiana di Barcellona organizzer\u00e1 una seria di incontri con tutti i candidati alle prossime elezioni municipali. Per questi incontri la Camera conta sulla collaborazione del network Nuovi Italiani a Barcellona. Il primo incontro vedr\u00e1 la partecipazione del Candidato per i Cittadini, Signor Manuel Valls, che presenter\u00e1 ai presenti le proposte per [&hellip;]<\/p>\n","protected":false},"author":2,"featured_media":27226,"comment_status":"open","ping_status":"closed","sticky":false,"template":"","format":"standard","meta":{"_exactmetrics_skip_tracking":false,"_exactmetrics_sitenote_active":false,"_exactmetrics_sitenote_note":"","_exactmetrics_sitenote_category":0,"ngg_post_thumbnail":0,"footnotes":""},"categories":[11],"tags":[],"class_list":["post-27231","post","type-post","status-publish","format-standard","has-post-thumbnail","hentry","category-non-categorizzato"],"_links":{"self":[{"href":"http:\/\/www.cameraitalianabarcelona.com\/it\/wp-json\/wp\/v2\/posts\/27231","targetHints":{"allow":["GET"]}}],"collection":[{"href":"http:\/\/www.cameraitalianabarcelona.com\/it\/wp-json\/wp\/v2\/posts"}],"about":[{"href":"http:\/\/www.cameraitalianabarcelona.com\/it\/wp-json\/wp\/v2\/types\/post"}],"author":[{"embeddable":true,"href":"http:\/\/www.cameraitalianabarcelona.com\/it\/wp-json\/wp\/v2\/users\/2"}],"replies":[{"embeddable":true,"href":"http:\/\/www.cameraitalianabarcelona.com\/it\/wp-json\/wp\/v2\/comments?post=27231"}],"version-history":[{"count":1,"href":"http:\/\/www.cameraitalianabarcelona.com\/it\/wp-json\/wp\/v2\/posts\/27231\/revisions"}],"predecessor-version":[{"id":27232,"href":"http:\/\/www.cameraitalianabarcelona.com\/it\/wp-json\/wp\/v2\/posts\/27231\/revisions\/27232"}],"wp:featuredmedia":[{"embeddable":true,"href":"http:\/\/www.cameraitalianabarcelona.com\/it\/wp-json\/wp\/v2\/media\/27226"}],"wp:attachment":[{"href":"http:\/\/www.cameraitalianabarcelona.com\/it\/wp-json\/wp\/v2\/media?parent=27231"}],"wp:term":[{"taxonomy":"category","embeddable":true,"href":"http:\/\/www.cameraitalianabarcelona.com\/it\/wp-json\/wp\/v2\/categories?post=27231"},{"taxonomy":"post_tag","embeddable":true,"href":"http:\/\/www.cameraitalianabarcelona.com\/it\/wp-json\/wp\/v2\/tags?post=27231"}],"curies":[{"name":"wp","href":"https:\/\/api.w.org\/{rel}","templated":true}]}}