{"id":25914,"date":"2018-10-24T11:20:30","date_gmt":"2018-10-24T11:20:30","guid":{"rendered":"http:\/\/www.cameraitalianabarcelona.com\/?p=25914\/"},"modified":"2018-11-09T11:25:19","modified_gmt":"2018-11-09T11:25:19","slug":"la-accademia-bizantina-presenta-marcantonio-e-cleopatra","status":"publish","type":"post","link":"http:\/\/www.cameraitalianabarcelona.com\/it\/2018\/10\/la-accademia-bizantina-presenta-marcantonio-e-cleopatra\/","title":{"rendered":"LA ACCADEMIA BIZANTINA PRESENTA MARC&#8217;ANTONIO E CLEOPATRA"},"content":{"rendered":"<p><a href=\"http:\/\/www.cameraitalianabarcelona.com\/wp-content\/uploads\/2018\/10\/HASSE_630.jpg\"><img loading=\"lazy\" decoding=\"async\" class=\"aligncenter size-medium wp-image-25909\" src=\"http:\/\/www.cameraitalianabarcelona.com\/wp-content\/uploads\/2018\/10\/HASSE_630-300x192.jpg\" alt=\"\" width=\"300\" height=\"192\" srcset=\"http:\/\/www.cameraitalianabarcelona.com\/wp-content\/uploads\/2018\/10\/HASSE_630-300x192.jpg 300w, http:\/\/www.cameraitalianabarcelona.com\/wp-content\/uploads\/2018\/10\/HASSE_630-330x212.jpg 330w, http:\/\/www.cameraitalianabarcelona.com\/wp-content\/uploads\/2018\/10\/HASSE_630-414x265.jpg 414w, http:\/\/www.cameraitalianabarcelona.com\/wp-content\/uploads\/2018\/10\/HASSE_630-600x384.jpg 600w, http:\/\/www.cameraitalianabarcelona.com\/wp-content\/uploads\/2018\/10\/HASSE_630.jpg 630w\" sizes=\"auto, (max-width: 300px) 100vw, 300px\" \/><\/a><\/p>\n<p style=\"text-align: justify;\"><span style=\"color: #000000;\">La meravigliosa serenata a due voci di\u00a0<strong>Johann Adolf Hasse<\/strong>\u00a0intitolata\u00a0<strong>Marc\u2019Antonio e Cleopatra<\/strong>\u00a0sar\u00e1 l&#8217;opera protagonista di uno dei prossimi concerti organizzati dalla <strong>Accademia Bizantina<\/strong> che si svolger\u00e1 l&#8217; <strong>11 di novembre<\/strong> presso l&#8217;emblematico <strong>Auditori de Barcelona<\/strong> alle <strong>ore 19:00<\/strong>. La Accademia Bizantina \u00e9 una delle migliori orchestre da camera italiane del momento. Specializzata in repertoti risalenti ai secoli: XVII, XVIII e XIX, dal 1996 ha iniziato a sviluppare un&#8217;importante compito di ricerca e di approssimazione estetica alla musica barocca e a specializzarsi nella riscoperta ed interpretazione di opere.\u00a0<\/span><\/p>\n<p style=\"text-align: justify;\"><span style=\"color: #000000;\">In occasione dell&#8217;opera\u00a0<strong>Marc\u2019Antonio e Cleopatra<\/strong>, il <strong>direttore<\/strong><strong>\u00a0Ottavio Dantone<\/strong>\u00a0invita due delle voci pi\u00fa conosciute del momento ad interpretare i ruoli dei due amanti protagonisti: quella della contralto francese\u00a0<strong>Delphine Galou<\/strong>\u00a0e quella della mezzo\u00a0<strong>Sophie Rennert<\/strong>. Una voce grave e vellutata, la prima, e promettente e versalite, la seconda, che insieme sanno perfettamente come toccare i cuori di coloro che le ascoltano nota dopo nota.\u00a0<\/span><\/p>\n<p style=\"text-align: justify;\"><span style=\"color: #000000;\">Per i soci della\u00a0<strong>Camara di Commercio Italiana Barcellona<\/strong>\u00a0si offre la possibilit\u00e1 di godere di quest&#8217;occasione unica con un\u00a0<strong>20% di sconto.<\/strong><\/span><\/p>\n<p style=\"text-align: justify;\"><span style=\"color: #000000;\">Per maggiori informazioni contattare: comunicaci\u00f3n@camaraitaliana.com o <a href=\"https:\/\/www.auditori.cat\/es\/marcantonio-e-cleopatra--de-hasse\" target=\"_blank\" rel=\"noopener\"><strong>CLICCARE QUI.\u00a0<\/strong><\/a><\/span><\/p>\n","protected":false},"excerpt":{"rendered":"<p>La meravigliosa serenata a due voci di\u00a0Johann Adolf Hasse\u00a0intitolata\u00a0Marc\u2019Antonio e Cleopatra\u00a0sar\u00e1 l&#8217;opera protagonista di uno dei prossimi concerti organizzati dalla Accademia Bizantina che si svolger\u00e1 l&#8217; 11 di novembre presso l&#8217;emblematico Auditori de Barcelona alle ore 19:00. La Accademia Bizantina \u00e9 una delle migliori orchestre da camera italiane del momento. Specializzata in repertoti risalenti ai [&hellip;]<\/p>\n","protected":false},"author":2,"featured_media":25909,"comment_status":"open","ping_status":"closed","sticky":false,"template":"","format":"standard","meta":{"_exactmetrics_skip_tracking":false,"_exactmetrics_sitenote_active":false,"_exactmetrics_sitenote_note":"","_exactmetrics_sitenote_category":0,"ngg_post_thumbnail":0,"footnotes":""},"categories":[11],"tags":[],"class_list":["post-25914","post","type-post","status-publish","format-standard","has-post-thumbnail","hentry","category-non-categorizzato"],"_links":{"self":[{"href":"http:\/\/www.cameraitalianabarcelona.com\/it\/wp-json\/wp\/v2\/posts\/25914","targetHints":{"allow":["GET"]}}],"collection":[{"href":"http:\/\/www.cameraitalianabarcelona.com\/it\/wp-json\/wp\/v2\/posts"}],"about":[{"href":"http:\/\/www.cameraitalianabarcelona.com\/it\/wp-json\/wp\/v2\/types\/post"}],"author":[{"embeddable":true,"href":"http:\/\/www.cameraitalianabarcelona.com\/it\/wp-json\/wp\/v2\/users\/2"}],"replies":[{"embeddable":true,"href":"http:\/\/www.cameraitalianabarcelona.com\/it\/wp-json\/wp\/v2\/comments?post=25914"}],"version-history":[{"count":5,"href":"http:\/\/www.cameraitalianabarcelona.com\/it\/wp-json\/wp\/v2\/posts\/25914\/revisions"}],"predecessor-version":[{"id":25920,"href":"http:\/\/www.cameraitalianabarcelona.com\/it\/wp-json\/wp\/v2\/posts\/25914\/revisions\/25920"}],"wp:featuredmedia":[{"embeddable":true,"href":"http:\/\/www.cameraitalianabarcelona.com\/it\/wp-json\/wp\/v2\/media\/25909"}],"wp:attachment":[{"href":"http:\/\/www.cameraitalianabarcelona.com\/it\/wp-json\/wp\/v2\/media?parent=25914"}],"wp:term":[{"taxonomy":"category","embeddable":true,"href":"http:\/\/www.cameraitalianabarcelona.com\/it\/wp-json\/wp\/v2\/categories?post=25914"},{"taxonomy":"post_tag","embeddable":true,"href":"http:\/\/www.cameraitalianabarcelona.com\/it\/wp-json\/wp\/v2\/tags?post=25914"}],"curies":[{"name":"wp","href":"https:\/\/api.w.org\/{rel}","templated":true}]}}