{"id":25829,"date":"2018-10-16T11:53:54","date_gmt":"2018-10-16T11:53:54","guid":{"rendered":"http:\/\/www.cameraitalianabarcelona.com\/?p=25829\/"},"modified":"2018-11-09T11:32:15","modified_gmt":"2018-11-09T11:32:15","slug":"barcelona-international-community-day-2018","status":"publish","type":"post","link":"http:\/\/www.cameraitalianabarcelona.com\/it\/2018\/10\/barcelona-international-community-day-2018\/","title":{"rendered":"BARCELONA INTERNATIONAL COMMUNITY DAY 2018"},"content":{"rendered":"<p><a href=\"http:\/\/www.cameraitalianabarcelona.com\/wp-content\/uploads\/2018\/10\/bcn-communityday.jpg\"><img loading=\"lazy\" decoding=\"async\" class=\"aligncenter size-medium wp-image-25825\" src=\"http:\/\/www.cameraitalianabarcelona.com\/wp-content\/uploads\/2018\/10\/bcn-communityday-300x221.jpg\" alt=\"\" width=\"300\" height=\"221\" srcset=\"http:\/\/www.cameraitalianabarcelona.com\/wp-content\/uploads\/2018\/10\/bcn-communityday-300x221.jpg 300w, http:\/\/www.cameraitalianabarcelona.com\/wp-content\/uploads\/2018\/10\/bcn-communityday-330x243.jpg 330w, http:\/\/www.cameraitalianabarcelona.com\/wp-content\/uploads\/2018\/10\/bcn-communityday-245x180.jpg 245w, http:\/\/www.cameraitalianabarcelona.com\/wp-content\/uploads\/2018\/10\/bcn-communityday-490x360.jpg 490w, http:\/\/www.cameraitalianabarcelona.com\/wp-content\/uploads\/2018\/10\/bcn-communityday-414x305.jpg 414w, http:\/\/www.cameraitalianabarcelona.com\/wp-content\/uploads\/2018\/10\/bcn-communityday.jpg 533w\" sizes=\"auto, (max-width: 300px) 100vw, 300px\" \/><\/a><\/p>\n<p style=\"text-align: justify;\"><span style=\"color: #000000;\">Torna il Barcelona International Community Day, la giornata sostenuta dal Comune di Barcellona che si svolger\u00e1 il 20 ottobre dalle ore 10 alle ore 19 presso il Museo Mar\u00edtimo di Barcellona. L\u2019incontro rappresenta una giornata ricca di attivit\u00e1, informazione e networking e vedr\u00e1 come protagonista la Comunit\u00e1 Internazionale che vive e lavora nella capitale catalana. Obiettivo della giornata \u00e9 fornire informazioni e risorse utili per le persone arrivate da poco nella citt\u00e1, con un <em>focus <\/em>su tre ambiti: atterraggio personale, lavoro, affari e risorse del territorio. Il programma delle attivit\u00e1 pensate per l\u2019evento include conferenze, tavole rotonde, capsule informative e attivit\u00e1 di networking con lo scopo di creare contatti.<\/span><\/p>\n<p style=\"text-align: justify;\"><span style=\"color: #000000;\">La <strong>Camera di Commercio Italiana Barcellona<\/strong> con le <strong>Camere di Commercio Europee a Barcellona<\/strong> organizza, per l\u2019occasione, una Tavola Rotonda intitolata \u201cBarcellona, citt\u00e1 di opportunit\u00e1 impresariali\u201d che si svolger\u00e1 nella sala Bes\u00f2s dalle ore 16:30 alle 17:30. Durante l\u2019incontro quattro professionisti di diversi ambiti e provenienti da diversi Paesi europei, intercambieranno le proprie esperienze di integrazione all\u2019interno dell\u2019ecosistema impresariale di Barcellona.<\/span><\/p>\n<ul style=\"text-align: justify;\">\n<li><span style=\"color: #000000;\">Partecipanti:<\/span><\/li>\n<li><span style=\"color: #000000;\">Cecilia Westerberg, giurista presso Zafo Law (Danimarca e Svezia)<\/span><\/li>\n<li><span style=\"color: #000000;\">Christophe Lapotre, direttore generale di Celio Espa\u00f1a (Francia)<\/span><\/li>\n<li><span style=\"color: #000000;\">Laura Byrne, direttrice generale di Appco Group (Gran Bretagna)<\/span><\/li>\n<li><span style=\"color: #000000;\">Paola Vitali, direttrice del dipartimento Mecantile e Societario Giambrone Studio Legale (Italia)<\/span><\/li>\n<\/ul>\n<p style=\"text-align: justify;\"><span style=\"color: #000000;\">Il Barcellona International Community Day \u00e9 una giornata ad accesso gratuito che, tuttavia, necessita di una iscrizione previa compilando il <a href=\"https:\/\/www.eventbrite.es\/e\/entradas-barcelona-international-community-day-2018-48058771078?invite=&amp;err=29&amp;referrer=&amp;discount=&amp;affiliate=&amp;eventpassword=\" target=\"_blank\" rel=\"noopener\">Formulario di iscrizione<\/a>.<\/span><\/p>\n<p style=\"text-align: justify;\"><span style=\"color: #000000;\">Per maggiori informazioni <a href=\"https:\/\/meet.barcelona.cat\/international-community-day\/\" target=\"_blank\" rel=\"noopener\">CLICCARE QU\u00cd<\/a><\/span><\/p>\n<p style=\"text-align: justify;\">\n","protected":false},"excerpt":{"rendered":"<p>Torna il Barcelona International Community Day, la giornata sostenuta dal Comune di Barcellona che si svolger\u00e1 il 20 ottobre dalle ore 10 alle ore 19 presso il Museo Mar\u00edtimo di Barcellona. L\u2019incontro rappresenta una giornata ricca di attivit\u00e1, informazione e networking e vedr\u00e1 come protagonista la Comunit\u00e1 Internazionale che vive e lavora nella capitale catalana. [&hellip;]<\/p>\n","protected":false},"author":2,"featured_media":26127,"comment_status":"open","ping_status":"closed","sticky":false,"template":"","format":"standard","meta":{"_exactmetrics_skip_tracking":false,"_exactmetrics_sitenote_active":false,"_exactmetrics_sitenote_note":"","_exactmetrics_sitenote_category":0,"ngg_post_thumbnail":0,"footnotes":""},"categories":[11],"tags":[],"class_list":["post-25829","post","type-post","status-publish","format-standard","has-post-thumbnail","hentry","category-non-categorizzato"],"_links":{"self":[{"href":"http:\/\/www.cameraitalianabarcelona.com\/it\/wp-json\/wp\/v2\/posts\/25829","targetHints":{"allow":["GET"]}}],"collection":[{"href":"http:\/\/www.cameraitalianabarcelona.com\/it\/wp-json\/wp\/v2\/posts"}],"about":[{"href":"http:\/\/www.cameraitalianabarcelona.com\/it\/wp-json\/wp\/v2\/types\/post"}],"author":[{"embeddable":true,"href":"http:\/\/www.cameraitalianabarcelona.com\/it\/wp-json\/wp\/v2\/users\/2"}],"replies":[{"embeddable":true,"href":"http:\/\/www.cameraitalianabarcelona.com\/it\/wp-json\/wp\/v2\/comments?post=25829"}],"version-history":[{"count":2,"href":"http:\/\/www.cameraitalianabarcelona.com\/it\/wp-json\/wp\/v2\/posts\/25829\/revisions"}],"predecessor-version":[{"id":26169,"href":"http:\/\/www.cameraitalianabarcelona.com\/it\/wp-json\/wp\/v2\/posts\/25829\/revisions\/26169"}],"wp:featuredmedia":[{"embeddable":true,"href":"http:\/\/www.cameraitalianabarcelona.com\/it\/wp-json\/wp\/v2\/media\/26127"}],"wp:attachment":[{"href":"http:\/\/www.cameraitalianabarcelona.com\/it\/wp-json\/wp\/v2\/media?parent=25829"}],"wp:term":[{"taxonomy":"category","embeddable":true,"href":"http:\/\/www.cameraitalianabarcelona.com\/it\/wp-json\/wp\/v2\/categories?post=25829"},{"taxonomy":"post_tag","embeddable":true,"href":"http:\/\/www.cameraitalianabarcelona.com\/it\/wp-json\/wp\/v2\/tags?post=25829"}],"curies":[{"name":"wp","href":"https:\/\/api.w.org\/{rel}","templated":true}]}}