{"id":25414,"date":"2018-08-31T10:21:51","date_gmt":"2018-08-31T10:21:51","guid":{"rendered":"http:\/\/www.cameraitalianabarcelona.com\/?p=25414\/"},"modified":"2019-04-17T09:12:45","modified_gmt":"2019-04-17T09:12:45","slug":"taste-it-market-italian-food-festa","status":"publish","type":"post","link":"http:\/\/www.cameraitalianabarcelona.com\/it\/2018\/08\/taste-it-market-italian-food-festa\/","title":{"rendered":"TASTE-IT MARKET: ITALIAN FOOD FESTA"},"content":{"rendered":"<p style=\"text-align: center;\"><a href=\"http:\/\/www.cameraitalianabarcelona.com\/wp-content\/uploads\/2018\/08\/TASTE-IT.jpg\"><img loading=\"lazy\" decoding=\"async\" class=\"aligncenter size-full wp-image-25415\" src=\"http:\/\/www.cameraitalianabarcelona.com\/wp-content\/uploads\/2018\/08\/TASTE-IT.jpg\" alt=\"\" width=\"1920\" height=\"1080\" srcset=\"http:\/\/www.cameraitalianabarcelona.com\/wp-content\/uploads\/2018\/08\/TASTE-IT.jpg 1920w, http:\/\/www.cameraitalianabarcelona.com\/wp-content\/uploads\/2018\/08\/TASTE-IT-300x169.jpg 300w, http:\/\/www.cameraitalianabarcelona.com\/wp-content\/uploads\/2018\/08\/TASTE-IT-768x432.jpg 768w, http:\/\/www.cameraitalianabarcelona.com\/wp-content\/uploads\/2018\/08\/TASTE-IT-1024x576.jpg 1024w, http:\/\/www.cameraitalianabarcelona.com\/wp-content\/uploads\/2018\/08\/TASTE-IT-330x186.jpg 330w, http:\/\/www.cameraitalianabarcelona.com\/wp-content\/uploads\/2018\/08\/TASTE-IT-736x414.jpg 736w, http:\/\/www.cameraitalianabarcelona.com\/wp-content\/uploads\/2018\/08\/TASTE-IT-1280x720.jpg 1280w, http:\/\/www.cameraitalianabarcelona.com\/wp-content\/uploads\/2018\/08\/TASTE-IT-414x233.jpg 414w\" sizes=\"auto, (max-width: 1920px) 100vw, 1920px\" \/><\/a><strong>TASTE-IT MARKET: ITALIAN FOOD FESTA<\/strong><\/p>\n<p style=\"text-align: center;\"><span style=\"color: #000000;\">3-4 GIUGNO 2018<\/span><\/p>\n<p style=\"text-align: center;\"><span style=\"color: #000000;\">EMOZIONE, ESPLORAZIONE, SPERIMENTAZIONE<\/span><\/p>\n<p><span style=\"color: #000000;\">I giorni&nbsp;&nbsp;<strong>3 e 4 di Giugno 2018<\/strong>, in occasione dei festeggiamenti della&nbsp;<strong>Festa Nazionale&nbsp; della Repubblica Italiana<\/strong>, si \u00e9 realizzata&nbsp;<strong>LA FESTA!+TASTE-IT<\/strong>, l&#8217;evento pensato per rendere omaggio alla cultura italiana aperto a tutta la citt\u00e1.<\/span><\/p>\n<p><span style=\"color: #000000;\">LA FESTA, organizata dal&nbsp;<strong>Consolato&nbsp; Generale d&#8217; Italia<\/strong>&nbsp;e la&nbsp;<strong>Camara di Commercio Italiana-Barcelona<\/strong>, in collaborazione con la&nbsp;<strong>Citt\u00e1 di Cagliari<\/strong>, l&#8217;<strong>Istituto Italiano di Cultura<\/strong>&nbsp;e il <strong>Comune di&nbsp;Barcelona<\/strong>, \u00e9 stata un&#8217;occasione per gustare la migliore gastronomia italiana con il <strong>TASTE-IT<\/strong>, l&#8217;unico mercato street-food 100% italiano di Barcelona.<\/span><br \/>\n<span style=\"color: #000000;\">Un viaggio attraverso il variegato mondo dei sapori attraverso il quale i partecipanti hanno potuto scoprire i segreti nascosti dei migliori ristoranti italiani della citt\u00e1 nonch\u00e9 le ultime tendenze gastronomiche del paese.&nbsp;<\/span><\/p>\n<p><span style=\"color: #000000;\">Creativit\u00e1, innovazione, collaborazione e impegno sociale sono stati&nbsp; i pilastri portanti di questa festa che si \u00e9 presentata come uno spazio di esperienza e dialogo tra i cittadini di entrambi i paesi e che \u00e9 stata supportata da: SENSE-LABS, MICRO-LABS, FOOD-LABS, THINK-LABS.<\/span><\/p>\n<p><span style=\"color: #000000;\">Il pubblico ha potuto degustare i coktels&nbsp;<em>made in Italy<\/em>&nbsp;in collaborazione con&nbsp;<strong>Aperol Spritz<\/strong>, scoprire l&#8217;arte del buon caff\u00e9 con&nbsp;<strong>Illy,&nbsp;<\/strong>imparare a preparare pasta fresca, pizza e altre ricette tipiche italiane con&nbsp;<strong>Barilla<\/strong>&nbsp;e conoscere il sapore della birra&nbsp;<strong>Poretti<\/strong>.<\/span><\/p>\n<p><span style=\"color: #000000;\">Tra i ristoranti che hanno partecipato all&#8217;iniziativa abbiamo ritrovato i nomi illustri della ristorazione italiana nella citt\u00e1:&nbsp;<strong>Xemei, Le Cucine Mandarosso, Bella Italia, Can Sardi, Come una Volta,&nbsp; Gravin, Leccabaffi, Menudo Ba-Bar, Un\u2019Altra Storia<\/strong>, le imprese:&nbsp;<strong>Porchetta Group<\/strong>,&nbsp;<strong>Le Regioni d\u2019Italia<\/strong>,&nbsp;<strong>Redoro<\/strong>, la&nbsp;<strong>Pasteler\u00eda de Gracia<\/strong>&nbsp;e la gelateria&nbsp;<strong>DelaCrem<\/strong>.<\/span><\/p>\n<p><span style=\"color: #000000;\">Inoltre, all&#8217;interno dello spazio del&nbsp;<strong>Terminal di Grimaldi Lines<\/strong>, sono stati realizzati laboratori, spettacoli teatrali, show-cooking, degustazioni e molte altre attivit\u00e1 affich\u00e9 non solto gli adulti ma anche i pi\u00fa piccoli potessero godere di questo programma meraviglioso che si \u00e9 concluso giorno 4 di Giugno con il concerto gratuito&nbsp;<strong>de Paolo Fresu &amp; Devil 4tet<\/strong>.<\/span><\/p>\n<p><span style=\"color: #000000;\">In occasione de LA FESTA, l&#8217;invitata d&#8217;onore, il sindaco di Barcelona,&nbsp;<strong>Ada Colau<\/strong>, ha aperto il secondo giorno dell&#8217;evento spendendo parole amichevoli e apprezzando le comunit\u00e1 italiana presente nel territorio. L&#8217;evento ha potuto contare anche sulla presenza della console italiana&nbsp;<strong>Gaia Danese,&nbsp;<\/strong>del presidente della Camara di Commercio Italiana-Barcelona&nbsp;<strong>Igor Garzesi<\/strong>, del sindaco della citt\u00e1 di Cagliari<strong>&nbsp;Massimo Zedda<\/strong>, del direttore esecutivo di Grimaldi Lines&nbsp;<strong>Mario Massarotti<\/strong> e del direttore dell&#8217;Istituto Italiano di Cultura,&nbsp;<strong>Angelo Gio\u00e9.<\/strong><\/span><\/p>\n<p><span style=\"color: #000000;\">Bisogna aggiungere che il&nbsp;&nbsp;<strong>TASTE-IT<\/strong>&nbsp;fa parte di un progetto pi\u00fa amplio intitolato: \u201c<strong>100% Aut\u00e9ntico<\/strong>\u201d che ha l&#8217;obiettivo di rivalutare il prodotto agro-alimentare italiano attraverso una serie di iniziative che, da una parte, vogliono studiare il conoscimento e la percezione dei prodotti gastronomici italiani da parte dei consumatori e professionisti del settore, dall&#8217;altra, spingono la introduzione di nuovi prodotti autentici italiani nel mercato e sensibilizzando i consumatori al loro uso.<\/span><\/p>\n<p><span style=\"color: #000000;\">Anche in questa edizione, si \u00e9 dato spazio alla formazione e alla promozione dei prodotti italiani di origine DOP e IGP.<\/span><\/p>\n<p>&nbsp;<\/p>\n<p style=\"text-align: center;\"><a href=\"http:\/\/www.cameraitalianabarcelona.com\/la-festa-taste-it\/\" target=\"_blank\" rel=\"noopener noreferrer\"><strong><span style=\"color: #000000;\">CLICCARE QUI PER VEDERE TUTTE LE FOTO DELL&#8217;EVENTO<\/span><\/strong><\/a><\/p>\n<p style=\"text-align: center;\"><a href=\"https:\/\/www.youtube.com\/watch?v=cmGbTOb-iag&amp;feature=youtu.be\" target=\"_blank\" rel=\"noopener noreferrer\"><strong><span style=\"color: #000000;\">CLICCARE QUI PER VEDERE IL VIDEO DELL&#8217;EVENTO<\/span><\/strong><\/a><\/p>\n<p>&nbsp;<\/p>\n","protected":false},"excerpt":{"rendered":"<p>TASTE-IT MARKET: ITALIAN FOOD FESTA 3-4 GIUGNO 2018 EMOZIONE, ESPLORAZIONE, SPERIMENTAZIONE I giorni&nbsp;&nbsp;3 e 4 di Giugno 2018, in occasione dei festeggiamenti della&nbsp;Festa Nazionale&nbsp; della Repubblica Italiana, si \u00e9 realizzata&nbsp;LA FESTA!+TASTE-IT, l&#8217;evento pensato per rendere omaggio alla cultura italiana aperto a tutta la citt\u00e1. LA FESTA, organizata dal&nbsp;Consolato&nbsp; Generale d&#8217; Italia&nbsp;e la&nbsp;Camara di Commercio Italiana-Barcelona, [&hellip;]<\/p>\n","protected":false},"author":2,"featured_media":24693,"comment_status":"open","ping_status":"closed","sticky":false,"template":"","format":"standard","meta":{"_exactmetrics_skip_tracking":false,"_exactmetrics_sitenote_active":false,"_exactmetrics_sitenote_note":"","_exactmetrics_sitenote_category":0,"ngg_post_thumbnail":0,"footnotes":""},"categories":[11],"tags":[],"class_list":["post-25414","post","type-post","status-publish","format-standard","has-post-thumbnail","hentry","category-non-categorizzato"],"_links":{"self":[{"href":"http:\/\/www.cameraitalianabarcelona.com\/it\/wp-json\/wp\/v2\/posts\/25414","targetHints":{"allow":["GET"]}}],"collection":[{"href":"http:\/\/www.cameraitalianabarcelona.com\/it\/wp-json\/wp\/v2\/posts"}],"about":[{"href":"http:\/\/www.cameraitalianabarcelona.com\/it\/wp-json\/wp\/v2\/types\/post"}],"author":[{"embeddable":true,"href":"http:\/\/www.cameraitalianabarcelona.com\/it\/wp-json\/wp\/v2\/users\/2"}],"replies":[{"embeddable":true,"href":"http:\/\/www.cameraitalianabarcelona.com\/it\/wp-json\/wp\/v2\/comments?post=25414"}],"version-history":[{"count":4,"href":"http:\/\/www.cameraitalianabarcelona.com\/it\/wp-json\/wp\/v2\/posts\/25414\/revisions"}],"predecessor-version":[{"id":28108,"href":"http:\/\/www.cameraitalianabarcelona.com\/it\/wp-json\/wp\/v2\/posts\/25414\/revisions\/28108"}],"wp:featuredmedia":[{"embeddable":true,"href":"http:\/\/www.cameraitalianabarcelona.com\/it\/wp-json\/wp\/v2\/media\/24693"}],"wp:attachment":[{"href":"http:\/\/www.cameraitalianabarcelona.com\/it\/wp-json\/wp\/v2\/media?parent=25414"}],"wp:term":[{"taxonomy":"category","embeddable":true,"href":"http:\/\/www.cameraitalianabarcelona.com\/it\/wp-json\/wp\/v2\/categories?post=25414"},{"taxonomy":"post_tag","embeddable":true,"href":"http:\/\/www.cameraitalianabarcelona.com\/it\/wp-json\/wp\/v2\/tags?post=25414"}],"curies":[{"name":"wp","href":"https:\/\/api.w.org\/{rel}","templated":true}]}}