{"id":24753,"date":"2018-05-09T14:58:36","date_gmt":"2018-05-09T14:58:36","guid":{"rendered":"http:\/\/www.cameraitalianabarcelona.com\/2018\/05\/segunda-edicion-del-foro-empresarial-de-las-camaras-de-comercio-europeas\/"},"modified":"2018-05-18T09:29:05","modified_gmt":"2018-05-18T09:29:05","slug":"segunda-edicion-del-foro-empresarial-de-las-camaras-de-comercio-europeas","status":"publish","type":"post","link":"http:\/\/www.cameraitalianabarcelona.com\/it\/2018\/05\/segunda-edicion-del-foro-empresarial-de-las-camaras-de-comercio-europeas\/","title":{"rendered":"SECONDA EDIZIONE DEL FORO IMPRESARIALE DELLE CAMERE DI COMMERCIO EUROPEE A BARCELLONA"},"content":{"rendered":"<p style=\"text-align: center;\"><a href=\"http:\/\/www.cameraitalianabarcelona.com\/wp-content\/uploads\/2018\/05\/DSC_0085.jpg\"><img loading=\"lazy\" decoding=\"async\" class=\"aligncenter wp-image-24594 size-large\" src=\"http:\/\/www.cameraitalianabarcelona.com\/wp-content\/uploads\/2018\/05\/DSC_0085-1024x683.jpg\" alt=\"\" width=\"1024\" height=\"683\" srcset=\"http:\/\/www.cameraitalianabarcelona.com\/wp-content\/uploads\/2018\/05\/DSC_0085-1024x683.jpg 1024w, http:\/\/www.cameraitalianabarcelona.com\/wp-content\/uploads\/2018\/05\/DSC_0085-300x200.jpg 300w, http:\/\/www.cameraitalianabarcelona.com\/wp-content\/uploads\/2018\/05\/DSC_0085-768x512.jpg 768w, http:\/\/www.cameraitalianabarcelona.com\/wp-content\/uploads\/2018\/05\/DSC_0085-150x100.jpg 150w, http:\/\/www.cameraitalianabarcelona.com\/wp-content\/uploads\/2018\/05\/DSC_0085-330x220.jpg 330w, http:\/\/www.cameraitalianabarcelona.com\/wp-content\/uploads\/2018\/05\/DSC_0085-900x600.jpg 900w, http:\/\/www.cameraitalianabarcelona.com\/wp-content\/uploads\/2018\/05\/DSC_0085-1800x1200.jpg 1800w, http:\/\/www.cameraitalianabarcelona.com\/wp-content\/uploads\/2018\/05\/DSC_0085-736x490.jpg 736w, http:\/\/www.cameraitalianabarcelona.com\/wp-content\/uploads\/2018\/05\/DSC_0085-1920x1280.jpg 1920w, http:\/\/www.cameraitalianabarcelona.com\/wp-content\/uploads\/2018\/05\/DSC_0085-621x414.jpg 621w, http:\/\/www.cameraitalianabarcelona.com\/wp-content\/uploads\/2018\/05\/DSC_0085-1280x853.jpg 1280w, http:\/\/www.cameraitalianabarcelona.com\/wp-content\/uploads\/2018\/05\/DSC_0085-414x276.jpg 414w\" sizes=\"auto, (max-width: 1024px) 100vw, 1024px\" \/><\/a><\/p>\n<p>&nbsp;<\/p>\n<p style=\"text-align: justify;\"><span style=\"color: #000000;\">Gran \u00e9xito con la 2\u00aa edici\u00f3n del Foro empresarial de las C\u00e1maras de Comercio europeas en Barcelona. \u00a0<\/span><\/p>\n<p style=\"text-align: justify;\"><span style=\"color: #000000;\">El \u201c<strong>II Foro Empresarial de las C\u00e1maras de Comercio Europeas en Barcelona, Punto de Encuentro del Sector de las Life Sciences\u201d <\/strong>la conferencia que tuvo lugar en el Cibernanium de BarcelonaActiva el pasado d\u00eda 8 de Mayo, trat\u00f3 sobre el sector Life Sciences y cont\u00f3 con la participaci\u00f3n de importantes multinacionales extranjeras y numerosas pymes operantes en Catalunya.<\/span><\/p>\n<p style=\"text-align: justify;\"><span style=\"color: #000000;\">La presentaci\u00f3n fue llevada a cabo por <strong>Jordi Naval<\/strong>, Director de Estrategia de Biocat, exponiendo con una interesante introducci\u00f3n la realidad del ecosistema del Sector y la vivacidad de las inversiones, as\u00ed como del talento presente en Catalunya. La conferencia inici\u00f3 con el interrogante: <strong>\u00bfCu\u00e1les son las perspectivas empresariales en el \u00e1rea de las Life Sciences de Catalu\u00f1a para el a\u00f1o 2025?, <\/strong>respondiendo al mismo que sin lugar a dudas Barcelona es un polo de atracci\u00f3n a nivel global para las empresas del Sector.<\/span><\/p>\n<p style=\"text-align: justify;\"><span style=\"color: #000000;\">Relat\u00f3 la historia de su empresa y la experiencia <em>in situ<\/em>, como representante de la realidad empresarial durante la primera mesa redonda, Enrico Spiaggi, Apoderado de Vivisol del grupo Sol, siendo esta una empresa activa en Catalu\u00f1a. La Empresa Vivisol naci\u00f3 gracias a la adquisici\u00f3n por parte de Sol, peque\u00f1a empresa espa\u00f1ola que inici\u00f3 a trabajar colaborando con agencias de seguros, especializadas principalmente en las curas domiciliarias a trav\u00e9s de \u201coxigenoterapia\u201d. En la actualidad la Empresa sigue trabajando en ello, sin embargo, se observa que la labor desempa\u00f1ada con el \u00e1mbito P\u00fablico, parte fundamental dentro de su actividad, se ha focalizado y por tanto, tal como asegura Spiaggi, poni\u00e9ndose en relieve lo que es hoy el mercado en Catalunya, y lo que puede ser ma\u00f1ana, donde se goza de un \u00f3ptimo nivel de <em>know-how,<\/em> principalmente con las colaboraciones que cuenta Vivisol con los multiples entes universitarios y de investigaci\u00f3n, convirtiendo Barcelona en una clave de referencia a nivel mundial, m\u00e1s a pesar de todos los puntos favorables mencionados, el mismo Spiaggi subray\u00f3 durante su intervenci\u00f3n como Vivisol desempe\u00f1aba su actividad principalmente con personal catal\u00e1n, existiendo la capacidad real de atraer talento desde el extranjero, gracias al conjunto de oportunidades laborales existentes y al amplio abanico de servicios presentes, as\u00ed como a la calidad de vida que una capital como Barcelona puede ofrecer. Por tanto, el principal punto fuerte es la extraordinaria movilidad existente que Spiaggi menciona, como atractivo para el mercado empresarial. Dicha caracter\u00edstica permite a una gran empresa rentabilizar r\u00e1pidamente sus inversiones, y a las <em>start-ups<\/em> un m\u00e1s factible desarrollo.<\/span><\/p>\n<p style=\"text-align: justify;\"><span style=\"color: #000000;\">Como punto final traslado una muestra de reconocimiento y agradecimiento hacia las instituciones italianas operantes, tales como la C\u00e1mara de Comercio Italiana &#8211; Barcelona, el Consulado Italiano o la Embajada de Italia, merecedoras todas ellas de representar un punto de apoyo \u00fatil y necesario para las empresas.<\/span><\/p>\n<p style=\"text-align: justify;\"><span style=\"color: #000000;\">La segunda mesa redonda estuvo representada por las principales empresas farmac\u00e9uticas presentes en Barcelona, siendo est\u00e1 representada, entre otros, por <strong>Giuseppe Chiericatti<\/strong>, Director General de Chiesi Espa\u00f1a quien expuso sobre los puntos fuertes del Sector. La compa\u00f1\u00eda naci\u00f3 como una peque\u00f1a farmacia, que se desarroll\u00f3 posteriormente consiguiendo la internacionalizaci\u00f3n en los a\u00f1os \u201890. Actualmente est\u00e1 presente en 26 diferentes pa\u00edses, contando en Espa\u00f1a con 260 empleados, de los cuales m\u00e1s de 100 en Catalunya. Cuenta adem\u00e1s la compa\u00f1\u00eda con la aportaci\u00f3n de las<em> start-ups<\/em> que son un aspecto de gran importancia en su pol\u00edtica empresarial.<\/span><\/p>\n<p style=\"text-align: justify;\"><span style=\"color: #000000;\">Chiericatti, y en general sus compa\u00f1eros de mesa redonda, concuerdan al afirmar que Barcelona ha sido siempre y ser\u00e1 un centro clave para la investigaci\u00f3n, el desarrollo y la innovaci\u00f3n, sin embargo, los mismos, respondiendo durante el turno de preguntas, dieron su opini\u00f3n, se\u00f1alando como las grandes compa\u00f1\u00edas de hoy en d\u00eda necesitan de un mercado solido como lo es el internacional. En este sentido, son muy significativas las palabras de Chiericatti: <strong>\u201cLa ciencia, por su naturaleza, no tiene fronteras\u201d<\/strong>. En relaci\u00f3n a todo ello, los dem\u00e1s ponentes, exponen sobre sus experiencias revelando dos limites cruciales para el territorio: uno es el bajo nivel de ingl\u00e9s, y el otro la escasa disponibilidad en la movilidad geogr\u00e1fica. Como conclusi\u00f3n del debate, adem\u00e1s, aportaron la verdadera realidad local capaz de proyectarse de manera competitiva sobre el mercado mundial es, efectivamente, aquella europea.<\/span><\/p>\n<p>&nbsp;<\/p>\n<p style=\"text-align: center;\"><span style=\"color: #000000;\">Haga clic <a style=\"color: #000000;\" href=\"\/?page_id=16185\"><strong><span style=\"text-decoration: underline;\">aqu\u00ed<\/span><\/strong><\/a> para mirar las fotos del evento<\/span><\/p>\n","protected":false},"excerpt":{"rendered":"<p>&nbsp; Gran \u00e9xito con la 2\u00aa edici\u00f3n del Foro empresarial de las C\u00e1maras de Comercio europeas en Barcelona. \u00a0 El \u201cII Foro Empresarial de las C\u00e1maras de Comercio Europeas en Barcelona, Punto de Encuentro del Sector de las Life Sciences\u201d la conferencia que tuvo lugar en el Cibernanium de BarcelonaActiva el pasado d\u00eda 8 de [&hellip;]<\/p>\n","protected":false},"author":2,"featured_media":0,"comment_status":"open","ping_status":"closed","sticky":false,"template":"","format":"standard","meta":{"_exactmetrics_skip_tracking":false,"_exactmetrics_sitenote_active":false,"_exactmetrics_sitenote_note":"","_exactmetrics_sitenote_category":0,"ngg_post_thumbnail":0,"footnotes":""},"categories":[11],"tags":[],"class_list":["post-24753","post","type-post","status-publish","format-standard","hentry","category-non-categorizzato"],"_links":{"self":[{"href":"http:\/\/www.cameraitalianabarcelona.com\/it\/wp-json\/wp\/v2\/posts\/24753","targetHints":{"allow":["GET"]}}],"collection":[{"href":"http:\/\/www.cameraitalianabarcelona.com\/it\/wp-json\/wp\/v2\/posts"}],"about":[{"href":"http:\/\/www.cameraitalianabarcelona.com\/it\/wp-json\/wp\/v2\/types\/post"}],"author":[{"embeddable":true,"href":"http:\/\/www.cameraitalianabarcelona.com\/it\/wp-json\/wp\/v2\/users\/2"}],"replies":[{"embeddable":true,"href":"http:\/\/www.cameraitalianabarcelona.com\/it\/wp-json\/wp\/v2\/comments?post=24753"}],"version-history":[{"count":1,"href":"http:\/\/www.cameraitalianabarcelona.com\/it\/wp-json\/wp\/v2\/posts\/24753\/revisions"}],"predecessor-version":[{"id":24754,"href":"http:\/\/www.cameraitalianabarcelona.com\/it\/wp-json\/wp\/v2\/posts\/24753\/revisions\/24754"}],"wp:attachment":[{"href":"http:\/\/www.cameraitalianabarcelona.com\/it\/wp-json\/wp\/v2\/media?parent=24753"}],"wp:term":[{"taxonomy":"category","embeddable":true,"href":"http:\/\/www.cameraitalianabarcelona.com\/it\/wp-json\/wp\/v2\/categories?post=24753"},{"taxonomy":"post_tag","embeddable":true,"href":"http:\/\/www.cameraitalianabarcelona.com\/it\/wp-json\/wp\/v2\/tags?post=24753"}],"curies":[{"name":"wp","href":"https:\/\/api.w.org\/{rel}","templated":true}]}}