{"id":24746,"date":"2018-05-18T08:30:06","date_gmt":"2018-05-18T08:30:06","guid":{"rendered":"http:\/\/www.cameraitalianabarcelona.com\/2018\/05\/pavia-ansaldo-studio-legale-nos-informan-sobre-el-contrato-de-obra-en-italia\/"},"modified":"2018-05-29T15:55:05","modified_gmt":"2018-05-29T15:55:05","slug":"pavia-ansaldo-studio-legale-nos-informan-sobre-el-contrato-de-obra-en-italia","status":"publish","type":"post","link":"http:\/\/www.cameraitalianabarcelona.com\/it\/2018\/05\/pavia-ansaldo-studio-legale-nos-informan-sobre-el-contrato-de-obra-en-italia\/","title":{"rendered":"PAVIA &#038; ANSALDO STUDIO LEGALE CI INFORMANO RIGUARDO IL CONTRATTO D&#8217;APPALTO IN ITALIA"},"content":{"rendered":"<p><a href=\"http:\/\/www.cameraitalianabarcelona.com\/wp-content\/uploads\/2018\/05\/logo-pavia-ansaldo.jpg\"><img loading=\"lazy\" decoding=\"async\" class=\"aligncenter size-full wp-image-24741\" src=\"http:\/\/www.cameraitalianabarcelona.com\/wp-content\/uploads\/2018\/05\/logo-pavia-ansaldo.jpg\" alt=\"\" width=\"499\" height=\"163\" srcset=\"http:\/\/www.cameraitalianabarcelona.com\/wp-content\/uploads\/2018\/05\/logo-pavia-ansaldo.jpg 499w, http:\/\/www.cameraitalianabarcelona.com\/wp-content\/uploads\/2018\/05\/logo-pavia-ansaldo-300x98.jpg 300w, http:\/\/www.cameraitalianabarcelona.com\/wp-content\/uploads\/2018\/05\/logo-pavia-ansaldo-600x195.jpg 600w\" sizes=\"auto, (max-width: 499px) 100vw, 499px\" \/><\/a><\/p>\n<p>&nbsp;<\/p>\n<p>&nbsp;<\/p>\n<p style=\"text-align: center;\"><span style=\"color: #000000;\"><strong>L\u2019APPALTO PRIVATO IN ITALIA<\/strong><\/span><\/p>\n<p style=\"text-align: justify;\"><span style=\"color: #000000;\">L\u2019appalto \u00e8 quel contratto con cui una parte, l\u2019appaltatore, si impegna a realizzare un\u2019opera o ad erogare un servizio verso il pagamento di un corrispettivo da parte dell\u2019altra, il committente.<\/span><br \/>\n<span style=\"color: #000000;\">I tratti caratterizzanti dell\u2019istituto sono due: l\u2019organizzazione dei mezzi e la gestione dei lavori a rischio dell\u2019appaltatore, presupposto e conseguenza dell\u2019ampia autonomia riconosciuta a quest\u2019ultimo nell\u2019esecuzione del contratto.<\/span><br \/>\n<span style=\"color: #000000;\">Questi due elementi rappresentano la linea di demarcazione tra appalto e somministrazione di lavoro. In particolare l\u2019organizzazione di mezzi richiesta all\u2019appaltatore deve aggiungere un <em>quid pluris<\/em> al valore intrinseco delle prestazioni fornite dai lavoratori impiegati.<\/span><br \/>\n<span style=\"color: #000000;\">Una delle problematicit\u00e0 affrontate dal nostro ordinamento \u00e8 infatti la simulazione di un contratto di appalto, in pendenza di un rapporto <em>de facto<\/em> consistente in lavoro subordinato, al solo fine di eludere le garanzie riconosciute ai lavoratori dipendenti.<\/span><br \/>\n<span style=\"color: #000000;\">Onde evitare ci\u00f2, l\u2019ordinamento italiano prevede la responsabilit\u00e0 solidale del committente e dell\u2019appaltatore-datore di lavoro rispetto ai diritti vantanti dai dipendenti di quest\u2019ultimo. I lavoratori potranno pertanto agire direttamente nei confronti del committente per conseguire quanto \u00e8 loro dovuto. Tale responsabilit\u00e0 si estenda anche a eventuali subappaltatori, subfornitori e rispettivi dipendenti. Restano in ogni caso esclusi gli obblighi per le sanzioni civili, dei quali risponde solo il responsabile dell\u2019inadempimento.<\/span><br \/>\n<span style=\"color: #000000;\">La responsabilit\u00e0 del committente si estende anche in materia di salute e sicurezza del lavoratore, a salvaguardia delle quali egli \u00e8 tenuto a elaborare un apposito documento di valutazione dei rischi, di cui dovr\u00e0 informare adeguatamente i lavoratori. Inoltre, qualora siano convolti pi\u00f9 appaltatori il committente dovr\u00e0 nominare un responsabile per la fase di progettazione e uno per quella di esecuzione che si occupino di coordinare in materia di salute e sicurezza.<\/span><br \/>\n<span style=\"color: #000000;\">La disciplina dell\u2019appalto \u00e8 completata da un capillare sistema di garanzie. A livello codicistico l\u2019appaltatore \u00e8 tenuto alla garanzia per le difformit\u00e0 e i vizi dell\u2019opera ex artt. 1667-1669.\u00a0<\/span><br \/>\n<span style=\"color: #000000;\">\u00c8 prassi inoltre che egli si munisca di ulteriori garanzie bancarie e assicurative, tra cui il <em>performance bond<\/em> o il <em>warranty bond<\/em>, a salvaguardia della buona esecuzione e del corretto adempimento delle clausole contrattuali.<\/span><\/p>\n<p style=\"text-align: right;\"><span style=\"color: #000000;\"><em> Daniele Carminati, Socio de Pavia e Ansaldo Studio Legale<\/em><\/span><\/p>\n<p>&nbsp;<\/p>\n<p style=\"text-align: justify;\">\n","protected":false},"excerpt":{"rendered":"<p>&nbsp; &nbsp; L\u2019APPALTO PRIVATO IN ITALIA L\u2019appalto \u00e8 quel contratto con cui una parte, l\u2019appaltatore, si impegna a realizzare un\u2019opera o ad erogare un servizio verso il pagamento di un corrispettivo da parte dell\u2019altra, il committente. I tratti caratterizzanti dell\u2019istituto sono due: l\u2019organizzazione dei mezzi e la gestione dei lavori a rischio dell\u2019appaltatore, presupposto e [&hellip;]<\/p>\n","protected":false},"author":2,"featured_media":24744,"comment_status":"open","ping_status":"closed","sticky":false,"template":"","format":"standard","meta":{"_exactmetrics_skip_tracking":false,"_exactmetrics_sitenote_active":false,"_exactmetrics_sitenote_note":"","_exactmetrics_sitenote_category":0,"ngg_post_thumbnail":0,"footnotes":""},"categories":[11],"tags":[],"class_list":["post-24746","post","type-post","status-publish","format-standard","has-post-thumbnail","hentry","category-non-categorizzato"],"_links":{"self":[{"href":"http:\/\/www.cameraitalianabarcelona.com\/it\/wp-json\/wp\/v2\/posts\/24746","targetHints":{"allow":["GET"]}}],"collection":[{"href":"http:\/\/www.cameraitalianabarcelona.com\/it\/wp-json\/wp\/v2\/posts"}],"about":[{"href":"http:\/\/www.cameraitalianabarcelona.com\/it\/wp-json\/wp\/v2\/types\/post"}],"author":[{"embeddable":true,"href":"http:\/\/www.cameraitalianabarcelona.com\/it\/wp-json\/wp\/v2\/users\/2"}],"replies":[{"embeddable":true,"href":"http:\/\/www.cameraitalianabarcelona.com\/it\/wp-json\/wp\/v2\/comments?post=24746"}],"version-history":[{"count":3,"href":"http:\/\/www.cameraitalianabarcelona.com\/it\/wp-json\/wp\/v2\/posts\/24746\/revisions"}],"predecessor-version":[{"id":24813,"href":"http:\/\/www.cameraitalianabarcelona.com\/it\/wp-json\/wp\/v2\/posts\/24746\/revisions\/24813"}],"wp:featuredmedia":[{"embeddable":true,"href":"http:\/\/www.cameraitalianabarcelona.com\/it\/wp-json\/wp\/v2\/media\/24744"}],"wp:attachment":[{"href":"http:\/\/www.cameraitalianabarcelona.com\/it\/wp-json\/wp\/v2\/media?parent=24746"}],"wp:term":[{"taxonomy":"category","embeddable":true,"href":"http:\/\/www.cameraitalianabarcelona.com\/it\/wp-json\/wp\/v2\/categories?post=24746"},{"taxonomy":"post_tag","embeddable":true,"href":"http:\/\/www.cameraitalianabarcelona.com\/it\/wp-json\/wp\/v2\/tags?post=24746"}],"curies":[{"name":"wp","href":"https:\/\/api.w.org\/{rel}","templated":true}]}}