{"id":24269,"date":"2018-04-26T10:59:12","date_gmt":"2018-04-26T10:59:12","guid":{"rendered":"http:\/\/www.cameraitalianabarcelona.com\/2018\/04\/taste-it-market-italian-food-festival\/"},"modified":"2018-04-27T12:04:58","modified_gmt":"2018-04-27T12:04:58","slug":"taste-it-market-italian-food-festival","status":"publish","type":"post","link":"http:\/\/www.cameraitalianabarcelona.com\/it\/2018\/04\/taste-it-market-italian-food-festival\/","title":{"rendered":"TASTE IT MARKET: ITALIAN FOOD FESTA"},"content":{"rendered":"<h2 style=\"text-align: center;\"><span style=\"color: #000000;\"><a href=\"http:\/\/www.cameraitalianabarcelona.com\/wp-content\/uploads\/2018\/04\/Immagine-taste-It-Web-1.jpg\"><img loading=\"lazy\" decoding=\"async\" class=\"aligncenter size-full wp-image-24235\" src=\"http:\/\/www.cameraitalianabarcelona.com\/wp-content\/uploads\/2018\/04\/Immagine-taste-It-Web-1.jpg\" alt=\"\" width=\"1920\" height=\"1080\" srcset=\"http:\/\/www.cameraitalianabarcelona.com\/wp-content\/uploads\/2018\/04\/Immagine-taste-It-Web-1.jpg 1920w, http:\/\/www.cameraitalianabarcelona.com\/wp-content\/uploads\/2018\/04\/Immagine-taste-It-Web-1-300x169.jpg 300w, http:\/\/www.cameraitalianabarcelona.com\/wp-content\/uploads\/2018\/04\/Immagine-taste-It-Web-1-768x432.jpg 768w, http:\/\/www.cameraitalianabarcelona.com\/wp-content\/uploads\/2018\/04\/Immagine-taste-It-Web-1-1024x576.jpg 1024w, http:\/\/www.cameraitalianabarcelona.com\/wp-content\/uploads\/2018\/04\/Immagine-taste-It-Web-1-330x186.jpg 330w, http:\/\/www.cameraitalianabarcelona.com\/wp-content\/uploads\/2018\/04\/Immagine-taste-It-Web-1-736x414.jpg 736w, http:\/\/www.cameraitalianabarcelona.com\/wp-content\/uploads\/2018\/04\/Immagine-taste-It-Web-1-1280x720.jpg 1280w, http:\/\/www.cameraitalianabarcelona.com\/wp-content\/uploads\/2018\/04\/Immagine-taste-It-Web-1-414x233.jpg 414w\" sizes=\"auto, (max-width: 1920px) 100vw, 1920px\" \/><\/a><\/span><\/h2>\n<h2 style=\"text-align: center;\"><span style=\"color: #ff0000;\"><strong>TASTE-IT : ITALIAN FOOD FESTA<\/strong><\/span><\/h2>\n<h3 style=\"text-align: center;\"><span style=\"color: #000000;\">3 e 4 GIUGNO 2018<\/span><\/h3>\n<h3><\/h3>\n<p>&nbsp;<\/p>\n<h3 style=\"text-align: center;\"><span style=\"color: #000000;\">EMOZIONE, ESPLORAZIONE, SPERIMENTAZIONE<\/span><\/h3>\n<p>&nbsp;<\/p>\n<p><span style=\"color: #000000;\">I giorni <strong>3 e 4 di Giugno<\/strong> 2018, in occasione del <strong>72\u00ba Anniversario della Repubblica Italiana<\/strong>, avr\u00e0 luogo la seconda edizione del TASTE-IT , lo Street Food Market 100% italiano, organizzato dalla Camera di Commercio Italiana-Barcelona in collaborazione con il Consolato Generale d\u2019Italia a Barcellona.<\/span><\/p>\n<p><span style=\"color: #000000;\">L\u2019evento, aperto a tutta la citt\u00e0 di Barcellona, \u00e8 un\u2019occasione d\u2019incontro e apprendimento che permetter\u00e0 di<strong> vivere un\u2019esperienza dei sensi<\/strong>, e dove si potr\u00e0 non solo degustare e comprare prodotti italiani, ma anche4 apprendere e vivere esperienze gastronomiche uniche.<\/span><\/p>\n<p><span style=\"color: #000000;\"><strong>Un viaggio alla scoperta dei sapori e dei segreti della cultura gastronomica italiana<\/strong> attraverso le numerose attivit\u00e0 che coinvolgeranno l\u2019intera citt\u00e0 di Barcellona.<\/span><\/p>\n<p><span style=\"color: #000000;\">Il pubblico del Taste-It avr\u00e0 la possibilit\u00e0 di usufruire di una fitta agenda di talleres che include attivit\u00e0 per grandi e bambini: dai corsi di cucina ai talleres di pasta, pizza e bartender, facendo attenzione alla promozione della buona cucina, dei prodotti della nostra Terra e, soprattutto dell&#8217;arte del \u201cSaper Fare\u201d.<\/span><\/p>\n<p>&nbsp;<\/p>\n<p>&nbsp;<\/p>\n<p>&nbsp;<\/p>\n","protected":false},"excerpt":{"rendered":"<p>TASTE-IT : ITALIAN FOOD FESTA 3 e 4 GIUGNO 2018 &nbsp; EMOZIONE, ESPLORAZIONE, SPERIMENTAZIONE &nbsp; I giorni 3 e 4 di Giugno 2018, in occasione del 72\u00ba Anniversario della Repubblica Italiana, avr\u00e0 luogo la seconda edizione del TASTE-IT , lo Street Food Market 100% italiano, organizzato dalla Camera di Commercio Italiana-Barcelona in collaborazione con il [&hellip;]<\/p>\n","protected":false},"author":2,"featured_media":0,"comment_status":"open","ping_status":"closed","sticky":false,"template":"","format":"standard","meta":{"_exactmetrics_skip_tracking":false,"_exactmetrics_sitenote_active":false,"_exactmetrics_sitenote_note":"","_exactmetrics_sitenote_category":0,"ngg_post_thumbnail":0,"footnotes":""},"categories":[11],"tags":[],"class_list":["post-24269","post","type-post","status-publish","format-standard","hentry","category-non-categorizzato"],"_links":{"self":[{"href":"http:\/\/www.cameraitalianabarcelona.com\/it\/wp-json\/wp\/v2\/posts\/24269","targetHints":{"allow":["GET"]}}],"collection":[{"href":"http:\/\/www.cameraitalianabarcelona.com\/it\/wp-json\/wp\/v2\/posts"}],"about":[{"href":"http:\/\/www.cameraitalianabarcelona.com\/it\/wp-json\/wp\/v2\/types\/post"}],"author":[{"embeddable":true,"href":"http:\/\/www.cameraitalianabarcelona.com\/it\/wp-json\/wp\/v2\/users\/2"}],"replies":[{"embeddable":true,"href":"http:\/\/www.cameraitalianabarcelona.com\/it\/wp-json\/wp\/v2\/comments?post=24269"}],"version-history":[{"count":4,"href":"http:\/\/www.cameraitalianabarcelona.com\/it\/wp-json\/wp\/v2\/posts\/24269\/revisions"}],"predecessor-version":[{"id":24287,"href":"http:\/\/www.cameraitalianabarcelona.com\/it\/wp-json\/wp\/v2\/posts\/24269\/revisions\/24287"}],"wp:attachment":[{"href":"http:\/\/www.cameraitalianabarcelona.com\/it\/wp-json\/wp\/v2\/media?parent=24269"}],"wp:term":[{"taxonomy":"category","embeddable":true,"href":"http:\/\/www.cameraitalianabarcelona.com\/it\/wp-json\/wp\/v2\/categories?post=24269"},{"taxonomy":"post_tag","embeddable":true,"href":"http:\/\/www.cameraitalianabarcelona.com\/it\/wp-json\/wp\/v2\/tags?post=24269"}],"curies":[{"name":"wp","href":"https:\/\/api.w.org\/{rel}","templated":true}]}}