{"id":24139,"date":"2018-04-05T10:06:28","date_gmt":"2018-04-05T10:06:28","guid":{"rendered":"http:\/\/www.cameraitalianabarcelona.com\/2018\/04\/alimentaria-2018-nota-de-prensa\/"},"modified":"2018-04-27T10:57:12","modified_gmt":"2018-04-27T10:57:12","slug":"alimentaria-2018-nota-de-prensa","status":"publish","type":"post","link":"http:\/\/www.cameraitalianabarcelona.com\/it\/2018\/04\/alimentaria-2018-nota-de-prensa\/","title":{"rendered":"ALIMENTARIA 2018: COMUNICATO STAMPA"},"content":{"rendered":"<p><a href=\"http:\/\/www.cameraitalianabarcelona.com\/wp-content\/uploads\/2018\/04\/testatina.jpg\"><img loading=\"lazy\" decoding=\"async\" class=\"aligncenter size-full wp-image-24132\" src=\"http:\/\/www.cameraitalianabarcelona.com\/wp-content\/uploads\/2018\/04\/testatina.jpg\" alt=\"\" width=\"687\" height=\"70\" srcset=\"http:\/\/www.cameraitalianabarcelona.com\/wp-content\/uploads\/2018\/04\/testatina.jpg 687w, http:\/\/www.cameraitalianabarcelona.com\/wp-content\/uploads\/2018\/04\/testatina-300x31.jpg 300w, http:\/\/www.cameraitalianabarcelona.com\/wp-content\/uploads\/2018\/04\/testatina-330x34.jpg 330w, http:\/\/www.cameraitalianabarcelona.com\/wp-content\/uploads\/2018\/04\/testatina-414x42.jpg 414w\" sizes=\"auto, (max-width: 687px) 100vw, 687px\" \/><\/a><\/p>\n<p style=\"text-align: justify;\"><span style=\"color: #000000;\"><strong>\u00a0<\/strong><\/span><\/p>\n<h4 style=\"text-align: justify;\"><span style=\"color: #000000;\"><strong>Alimentaria 2018: una vetrina importante per l\u2019enogastronomia italiana<\/strong><\/span><\/h4>\n<p style=\"text-align: justify;\">\n<p style=\"text-align: justify;\"><span style=\"color: #000000;\"><u>Madrid, 2 Aprile 2018<\/u>.<\/span><\/p>\n<p style=\"text-align: justify;\"><span style=\"color: #000000;\">Il settore agroalimentare italiano torna ad essere protagonista in uno dei principali eventi dedicati agli operatori internazionali.<\/span><\/p>\n<p style=\"text-align: justify;\"><span style=\"color: #000000;\"><strong>Dal 16 al 19 Aprile<\/strong>, infatti, si celebrer\u00e0 a Barcellona la nuova edizione della <strong>fiera Alimentaria<\/strong> e anche quest\u2019anno, dopo la positiva esperienza del 2016,\u00a0 i riflettori saranno puntati sull\u2019enogastronomia italiana, grazie alla presenza di 17 imprese e consorzi che esporranno in una superficie di 270 m2, ubicata nel padiglione internazionale.<\/span><\/p>\n<p style=\"text-align: justify;\"><span style=\"color: #000000;\">Durante i 4 giorni di fiera, si prevede la presenza di oltre 140.000 visitatori, tra operatori spagnoli e internazionali, quest\u2019ultimi provenienti dai principali mercati di sbocco del prodotti italiani, tra cui l\u2019Unione Europea, gli Stati Uniti, Russia, Cina, Giappone, Corea ed i paesi dell\u2019America Latina.<\/span><\/p>\n<p style=\"text-align: justify;\"><span style=\"color: #000000;\">L\u2019<strong><em>Area Italia <\/em><\/strong>costituir\u00e0 una vera e propria vetrina delle eccellenze enogastronomiche nazionali, con una ricca variet\u00e0 di prodotti quali pasta fresca e secca, farine, cereali, insaccati, formaggi e latticini, tartufi e creme di tartufo, conserve, oli e aceti, liquori e vini, caff\u00e8 e dolci. In particolare, i visitatori avranno la posibilit\u00e0 di conoscere direttamente alcune specialit\u00e0 regionali, come il prosciutto di Modena DOP, la mortadella di Bologna IGP ed il fomaggio <em>Gran Moravia<\/em>, per citarne alcuni.<\/span><\/p>\n<p style=\"text-align: justify;\">\n<p style=\"text-align: justify;\"><a href=\"http:\/\/www.cameraitalianabarcelona.com\/wp-content\/uploads\/2018\/04\/Catalogo-Alimentaria-2018-Area-Italia.pdf\"><span style=\"text-decoration: underline; color: #000000;\"><strong><em>Scarica il catalogo degli espositori dell\u2019Area Italia<\/em><\/strong><\/span><\/a><\/p>\n<p style=\"text-align: justify;\">\n<p style=\"text-align: justify;\"><span style=\"color: #000000;\">Come nella precedente edizione, un ampio programma di attivit\u00e0 collaterali all\u2019interno dell\u2019Area Italia far\u00e0 da contorno alla partecipazione delle imprese. Tra le attivit\u00e0 in programma vanno citati gli showcooking, le degustazioni di prodotti, masterclass e presentazioni. \u00a0In particolare, durante la fiera verr\u00e0 promosso il progetto \u201c<a style=\"color: #000000;\" href=\"http:\/\/www.100autentico.es\/\">100% Aut\u00e9ntico<\/a>\u201d, per la valorizzazione dei prodotti agroalimentari italiani a denominazione di\u00a0 origine e identificazione geografica riconosciuti dall\u2019Unione Europea.<\/span><\/p>\n<p style=\"text-align: justify;\"><span style=\"color: #000000;\">Questa importante presenza italiana ad <strong>Alimentaria 2018<\/strong> \u00e8 possibile grazie all\u2019impegno congiunto della <strong>Camera di Commercio e Industria Italiana per la Spagna<\/strong> (CCIS) e la <strong>Camera di Commercio Italiana di Barcellona<\/strong> (CCIB).<\/span><\/p>\n<p style=\"text-align: justify;\"><span style=\"color: #000000;\">L\u2019obiettivo \u00e8 duplice. Da un alto si mira a consolidare la presenza dell\u2019enogastronomia italiana nel mercato spagnolo; dall\u2019altro si vuole favorire l\u2019introduzione di nuovi prodotti nel mercato.<\/span><\/p>\n<p style=\"text-align: justify;\"><span style=\"color: #000000;\">L\u2019impegno comune messo in campo dalle due Camere conferma l\u2019importanza che il mercato spagnolo riveste per le imprese italiane del settore. La Spagna rappresenta infatti il quinto mercato d\u2019approdo dell\u2019export italiano di prodotti agroalimentari e bevande, con un volume superiore a 1,3 miliardi di \u20ac nel 2017 ed un incremento di oltre il 37% negli ultimi cinque anni, secondo le statistiche messe a disposizione da Eurostat.<\/span><\/p>\n<p style=\"text-align: justify;\"><span style=\"color: #000000;\"><em>\u00a0<\/em><\/span><\/p>\n<p style=\"text-align: justify;\"><span style=\"color: #000000;\"><em>Per maggiori informazioni:<\/em><\/span><\/p>\n<p style=\"text-align: justify;\"><span style=\"color: #000000;\"><strong>Camera di Commercio e Industria Italiana per la Spagna<\/strong><\/span><\/p>\n<p style=\"text-align: justify;\"><span style=\"color: #000000;\">Tel. +34 915 900 900<br \/>\n<\/span><span style=\"color: #000000;\">E- mail: <a style=\"color: #000000;\" href=\"mailto:servicios.comerciales@italcamara-es.com\">servicios.comerciales@italcamara-es.com<\/a><\/span><\/p>\n<p style=\"text-align: justify;\"><span style=\"color: #000000;\"><strong>Camera di Commercio Italiana di Barcellona<\/strong><em>\u00a0\u00a0\u00a0\u00a0 <\/em><\/span><\/p>\n<p style=\"text-align: justify;\"><span style=\"color: #000000;\">Tel. (+34) 93 318 40 04<br \/>\n<\/span><span style=\"color: #000000;\">E-mail: <a style=\"color: #000000;\" href=\"mailto:ferias@camaraitaliana.com\">ferias@camaraitaliana.com<\/a><\/span><\/p>\n<p><a href=\"http:\/\/www.cameraitalianabarcelona.com\/wp-content\/uploads\/2018\/04\/Logo-Camera-Barcellona-e-Spagna.jpg\"><img loading=\"lazy\" decoding=\"async\" class=\"aligncenter size-full wp-image-24133\" src=\"http:\/\/www.cameraitalianabarcelona.com\/wp-content\/uploads\/2018\/04\/Logo-Camera-Barcellona-e-Spagna.jpg\" alt=\"\" width=\"1243\" height=\"161\" srcset=\"http:\/\/www.cameraitalianabarcelona.com\/wp-content\/uploads\/2018\/04\/Logo-Camera-Barcellona-e-Spagna.jpg 1243w, http:\/\/www.cameraitalianabarcelona.com\/wp-content\/uploads\/2018\/04\/Logo-Camera-Barcellona-e-Spagna-300x39.jpg 300w, http:\/\/www.cameraitalianabarcelona.com\/wp-content\/uploads\/2018\/04\/Logo-Camera-Barcellona-e-Spagna-768x99.jpg 768w, http:\/\/www.cameraitalianabarcelona.com\/wp-content\/uploads\/2018\/04\/Logo-Camera-Barcellona-e-Spagna-1024x133.jpg 1024w, http:\/\/www.cameraitalianabarcelona.com\/wp-content\/uploads\/2018\/04\/Logo-Camera-Barcellona-e-Spagna-330x43.jpg 330w, http:\/\/www.cameraitalianabarcelona.com\/wp-content\/uploads\/2018\/04\/Logo-Camera-Barcellona-e-Spagna-736x95.jpg 736w, http:\/\/www.cameraitalianabarcelona.com\/wp-content\/uploads\/2018\/04\/Logo-Camera-Barcellona-e-Spagna-414x54.jpg 414w\" sizes=\"auto, (max-width: 1243px) 100vw, 1243px\" \/><\/a><\/p>\n","protected":false},"excerpt":{"rendered":"<p>\u00a0 Alimentaria 2018: una vetrina importante per l\u2019enogastronomia italiana Madrid, 2 Aprile 2018. Il settore agroalimentare italiano torna ad essere protagonista in uno dei principali eventi dedicati agli operatori internazionali. Dal 16 al 19 Aprile, infatti, si celebrer\u00e0 a Barcellona la nuova edizione della fiera Alimentaria e anche quest\u2019anno, dopo la positiva esperienza del 2016,\u00a0 [&hellip;]<\/p>\n","protected":false},"author":2,"featured_media":24142,"comment_status":"open","ping_status":"closed","sticky":false,"template":"","format":"standard","meta":{"_exactmetrics_skip_tracking":false,"_exactmetrics_sitenote_active":false,"_exactmetrics_sitenote_note":"","_exactmetrics_sitenote_category":0,"ngg_post_thumbnail":0,"footnotes":""},"categories":[11],"tags":[],"class_list":["post-24139","post","type-post","status-publish","format-standard","has-post-thumbnail","hentry","category-non-categorizzato"],"_links":{"self":[{"href":"http:\/\/www.cameraitalianabarcelona.com\/it\/wp-json\/wp\/v2\/posts\/24139","targetHints":{"allow":["GET"]}}],"collection":[{"href":"http:\/\/www.cameraitalianabarcelona.com\/it\/wp-json\/wp\/v2\/posts"}],"about":[{"href":"http:\/\/www.cameraitalianabarcelona.com\/it\/wp-json\/wp\/v2\/types\/post"}],"author":[{"embeddable":true,"href":"http:\/\/www.cameraitalianabarcelona.com\/it\/wp-json\/wp\/v2\/users\/2"}],"replies":[{"embeddable":true,"href":"http:\/\/www.cameraitalianabarcelona.com\/it\/wp-json\/wp\/v2\/comments?post=24139"}],"version-history":[{"count":3,"href":"http:\/\/www.cameraitalianabarcelona.com\/it\/wp-json\/wp\/v2\/posts\/24139\/revisions"}],"predecessor-version":[{"id":24277,"href":"http:\/\/www.cameraitalianabarcelona.com\/it\/wp-json\/wp\/v2\/posts\/24139\/revisions\/24277"}],"wp:featuredmedia":[{"embeddable":true,"href":"http:\/\/www.cameraitalianabarcelona.com\/it\/wp-json\/wp\/v2\/media\/24142"}],"wp:attachment":[{"href":"http:\/\/www.cameraitalianabarcelona.com\/it\/wp-json\/wp\/v2\/media?parent=24139"}],"wp:term":[{"taxonomy":"category","embeddable":true,"href":"http:\/\/www.cameraitalianabarcelona.com\/it\/wp-json\/wp\/v2\/categories?post=24139"},{"taxonomy":"post_tag","embeddable":true,"href":"http:\/\/www.cameraitalianabarcelona.com\/it\/wp-json\/wp\/v2\/tags?post=24139"}],"curies":[{"name":"wp","href":"https:\/\/api.w.org\/{rel}","templated":true}]}}