{"id":23881,"date":"2018-03-16T09:25:49","date_gmt":"2018-03-16T09:25:49","guid":{"rendered":"http:\/\/www.cameraitalianabarcelona.com\/2018\/03\/evento-anual-viajes-albatros\/"},"modified":"2018-03-16T09:53:09","modified_gmt":"2018-03-16T09:53:09","slug":"evento-anual-viajes-albatros","status":"publish","type":"post","link":"http:\/\/www.cameraitalianabarcelona.com\/it\/2018\/03\/evento-anual-viajes-albatros\/","title":{"rendered":"EVENTO ANNUALE VIAGGI ALBATROS"},"content":{"rendered":"<p><a href=\"http:\/\/www.cameraitalianabarcelona.com\/wp-content\/uploads\/2018\/03\/ALBATROS-GROUP-LOGO.png\"><img loading=\"lazy\" decoding=\"async\" class=\"aligncenter wp-image-23874 size-large\" src=\"http:\/\/www.cameraitalianabarcelona.com\/wp-content\/uploads\/2018\/03\/ALBATROS-GROUP-LOGO-1024x757.png\" alt=\"\" width=\"1024\" height=\"757\" srcset=\"http:\/\/www.cameraitalianabarcelona.com\/wp-content\/uploads\/2018\/03\/ALBATROS-GROUP-LOGO-1024x757.png 1024w, http:\/\/www.cameraitalianabarcelona.com\/wp-content\/uploads\/2018\/03\/ALBATROS-GROUP-LOGO-300x222.png 300w, http:\/\/www.cameraitalianabarcelona.com\/wp-content\/uploads\/2018\/03\/ALBATROS-GROUP-LOGO-768x568.png 768w, http:\/\/www.cameraitalianabarcelona.com\/wp-content\/uploads\/2018\/03\/ALBATROS-GROUP-LOGO-330x244.png 330w, http:\/\/www.cameraitalianabarcelona.com\/wp-content\/uploads\/2018\/03\/ALBATROS-GROUP-LOGO-245x180.png 245w, http:\/\/www.cameraitalianabarcelona.com\/wp-content\/uploads\/2018\/03\/ALBATROS-GROUP-LOGO-560x414.png 560w, http:\/\/www.cameraitalianabarcelona.com\/wp-content\/uploads\/2018\/03\/ALBATROS-GROUP-LOGO-414x306.png 414w, http:\/\/www.cameraitalianabarcelona.com\/wp-content\/uploads\/2018\/03\/ALBATROS-GROUP-LOGO-600x443.png 600w, http:\/\/www.cameraitalianabarcelona.com\/wp-content\/uploads\/2018\/03\/ALBATROS-GROUP-LOGO.png 1082w\" sizes=\"auto, (max-width: 1024px) 100vw, 1024px\" \/><\/a><\/p>\n<p style=\"text-align: justify;\"><span style=\"color: #000000;\">L&#8217;azienda\u00a0<strong>Albatros<\/strong>, associata alla <strong>Camera di Commercio Italiana a Barcellona<\/strong> e specializzata nella creazione e pianificazione di tutti i tipi di eventi aziendali, con <strong>25 anni di esperienza<\/strong>, ha celebrato il giorno 9 Marzo il suo evento annuale a cui hanno partecipato uomini d&#8217;affari di importanti aziende di settori diversi come chimico, tessile, informatico, aeronautico, farmaceutico, avvocatura ecc.<\/span><\/p>\n<p style=\"text-align: justify;\"><span style=\"color: #000000;\">L&#8217;evento ha permesso ai partecipanti di vivere in prima persona i diversi tipi di attivit\u00e1 che l&#8217;azienda Albatros organizza.<\/span><\/p>\n<p style=\"text-align: justify;\"><span style=\"color: #000000;\">Per festeggiare tale evento \u00e9 stato organizzato un tour personalizzato per gli invitati, con il fine di offrire loro la possibilit\u00e1 di visitare e conoscere la storia della Torre di Bellesguard, una delle opere di Gaud\u00ed.<\/span><\/p>\n<p style=\"text-align: justify;\"><span style=\"color: #000000;\">Successivamente\u00a0gli ospiti si sono recati al ristorante Mirab\u00e9, situato ai piedi della funicolare del Tibidabo, dove si \u00e8 svolta una degustazione di vini, guidata da un esperto enologo. A continuazione dell&#8217;evento, i presenti hanno potuto assaporare, di fronte ad una vista mozzafiato della citt\u00e1 di Barcellona, degli squisiti piatti preparati appositamente per l&#8217;occasione.<\/span><\/p>\n<p style=\"text-align: justify;\"><span style=\"color: #000000;\">I partecipanti hanno gradito e apprezzato positivamente l&#8217;evento organizzato dal Gruppo Albatros.<\/span><\/p>\n<p><a href=\"http:\/\/www.cameraitalianabarcelona.com\/wp-content\/uploads\/2018\/03\/FOTO-ALBATROS.jpg\"><img loading=\"lazy\" decoding=\"async\" class=\"aligncenter wp-image-23875 size-large\" src=\"http:\/\/www.cameraitalianabarcelona.com\/wp-content\/uploads\/2018\/03\/FOTO-ALBATROS-1024x651.jpg\" alt=\"\" width=\"1024\" height=\"651\" srcset=\"http:\/\/www.cameraitalianabarcelona.com\/wp-content\/uploads\/2018\/03\/FOTO-ALBATROS-1024x651.jpg 1024w, http:\/\/www.cameraitalianabarcelona.com\/wp-content\/uploads\/2018\/03\/FOTO-ALBATROS-300x191.jpg 300w, http:\/\/www.cameraitalianabarcelona.com\/wp-content\/uploads\/2018\/03\/FOTO-ALBATROS-768x488.jpg 768w, http:\/\/www.cameraitalianabarcelona.com\/wp-content\/uploads\/2018\/03\/FOTO-ALBATROS-330x210.jpg 330w, http:\/\/www.cameraitalianabarcelona.com\/wp-content\/uploads\/2018\/03\/FOTO-ALBATROS-1920x1220.jpg 1920w, http:\/\/www.cameraitalianabarcelona.com\/wp-content\/uploads\/2018\/03\/FOTO-ALBATROS-651x414.jpg 651w, http:\/\/www.cameraitalianabarcelona.com\/wp-content\/uploads\/2018\/03\/FOTO-ALBATROS-1280x814.jpg 1280w, http:\/\/www.cameraitalianabarcelona.com\/wp-content\/uploads\/2018\/03\/FOTO-ALBATROS-414x263.jpg 414w\" sizes=\"auto, (max-width: 1024px) 100vw, 1024px\" \/><\/a><\/p>\n<p>&nbsp;<\/p>\n","protected":false},"excerpt":{"rendered":"<p>L&#8217;azienda\u00a0Albatros, associata alla Camera di Commercio Italiana a Barcellona e specializzata nella creazione e pianificazione di tutti i tipi di eventi aziendali, con 25 anni di esperienza, ha celebrato il giorno 9 Marzo il suo evento annuale a cui hanno partecipato uomini d&#8217;affari di importanti aziende di settori diversi come chimico, tessile, informatico, aeronautico, farmaceutico, [&hellip;]<\/p>\n","protected":false},"author":2,"featured_media":23874,"comment_status":"open","ping_status":"closed","sticky":false,"template":"","format":"standard","meta":{"_exactmetrics_skip_tracking":false,"_exactmetrics_sitenote_active":false,"_exactmetrics_sitenote_note":"","_exactmetrics_sitenote_category":0,"ngg_post_thumbnail":0,"footnotes":""},"categories":[11],"tags":[],"class_list":["post-23881","post","type-post","status-publish","format-standard","has-post-thumbnail","hentry","category-non-categorizzato"],"_links":{"self":[{"href":"http:\/\/www.cameraitalianabarcelona.com\/it\/wp-json\/wp\/v2\/posts\/23881","targetHints":{"allow":["GET"]}}],"collection":[{"href":"http:\/\/www.cameraitalianabarcelona.com\/it\/wp-json\/wp\/v2\/posts"}],"about":[{"href":"http:\/\/www.cameraitalianabarcelona.com\/it\/wp-json\/wp\/v2\/types\/post"}],"author":[{"embeddable":true,"href":"http:\/\/www.cameraitalianabarcelona.com\/it\/wp-json\/wp\/v2\/users\/2"}],"replies":[{"embeddable":true,"href":"http:\/\/www.cameraitalianabarcelona.com\/it\/wp-json\/wp\/v2\/comments?post=23881"}],"version-history":[{"count":3,"href":"http:\/\/www.cameraitalianabarcelona.com\/it\/wp-json\/wp\/v2\/posts\/23881\/revisions"}],"predecessor-version":[{"id":23884,"href":"http:\/\/www.cameraitalianabarcelona.com\/it\/wp-json\/wp\/v2\/posts\/23881\/revisions\/23884"}],"wp:featuredmedia":[{"embeddable":true,"href":"http:\/\/www.cameraitalianabarcelona.com\/it\/wp-json\/wp\/v2\/media\/23874"}],"wp:attachment":[{"href":"http:\/\/www.cameraitalianabarcelona.com\/it\/wp-json\/wp\/v2\/media?parent=23881"}],"wp:term":[{"taxonomy":"category","embeddable":true,"href":"http:\/\/www.cameraitalianabarcelona.com\/it\/wp-json\/wp\/v2\/categories?post=23881"},{"taxonomy":"post_tag","embeddable":true,"href":"http:\/\/www.cameraitalianabarcelona.com\/it\/wp-json\/wp\/v2\/tags?post=23881"}],"curies":[{"name":"wp","href":"https:\/\/api.w.org\/{rel}","templated":true}]}}