{"id":23861,"date":"2018-03-15T15:28:11","date_gmt":"2018-03-15T15:28:11","guid":{"rendered":"http:\/\/www.cameraitalianabarcelona.com\/2018\/03\/le-regioni-ditalia-degustacion-piemonte\/"},"modified":"2018-03-16T09:01:59","modified_gmt":"2018-03-16T09:01:59","slug":"le-regioni-ditalia-degustacion-piemonte","status":"publish","type":"post","link":"http:\/\/www.cameraitalianabarcelona.com\/it\/2018\/03\/le-regioni-ditalia-degustacion-piemonte\/","title":{"rendered":"LE REGIONI D\u2019ITALIA: DEGUSTAZIONE PIEMONTE"},"content":{"rendered":"<p style=\"text-align: center;\"><strong><a href=\"http:\/\/www.cameraitalianabarcelona.com\/wp-content\/uploads\/2018\/03\/WhatsApp-Image-2017-12-03-at-22.51.11.jpeg\"><img loading=\"lazy\" decoding=\"async\" class=\"aligncenter wp-image-23830 size-full\" src=\"http:\/\/www.cameraitalianabarcelona.com\/wp-content\/uploads\/2018\/03\/WhatsApp-Image-2017-12-03-at-22.51.11.jpeg\" alt=\"\" width=\"1136\" height=\"758\" srcset=\"http:\/\/www.cameraitalianabarcelona.com\/wp-content\/uploads\/2018\/03\/WhatsApp-Image-2017-12-03-at-22.51.11.jpeg 1136w, http:\/\/www.cameraitalianabarcelona.com\/wp-content\/uploads\/2018\/03\/WhatsApp-Image-2017-12-03-at-22.51.11-300x200.jpeg 300w, http:\/\/www.cameraitalianabarcelona.com\/wp-content\/uploads\/2018\/03\/WhatsApp-Image-2017-12-03-at-22.51.11-768x512.jpeg 768w, http:\/\/www.cameraitalianabarcelona.com\/wp-content\/uploads\/2018\/03\/WhatsApp-Image-2017-12-03-at-22.51.11-1024x683.jpeg 1024w, http:\/\/www.cameraitalianabarcelona.com\/wp-content\/uploads\/2018\/03\/WhatsApp-Image-2017-12-03-at-22.51.11-150x100.jpeg 150w, http:\/\/www.cameraitalianabarcelona.com\/wp-content\/uploads\/2018\/03\/WhatsApp-Image-2017-12-03-at-22.51.11-330x220.jpeg 330w, http:\/\/www.cameraitalianabarcelona.com\/wp-content\/uploads\/2018\/03\/WhatsApp-Image-2017-12-03-at-22.51.11-900x600.jpeg 900w, http:\/\/www.cameraitalianabarcelona.com\/wp-content\/uploads\/2018\/03\/WhatsApp-Image-2017-12-03-at-22.51.11-736x490.jpeg 736w, http:\/\/www.cameraitalianabarcelona.com\/wp-content\/uploads\/2018\/03\/WhatsApp-Image-2017-12-03-at-22.51.11-620x414.jpeg 620w, http:\/\/www.cameraitalianabarcelona.com\/wp-content\/uploads\/2018\/03\/WhatsApp-Image-2017-12-03-at-22.51.11-414x276.jpeg 414w\" sizes=\"auto, (max-width: 1136px) 100vw, 1136px\" \/><\/a><\/strong><\/p>\n<p style=\"text-align: center;\"><span style=\"color: #000000;\"><strong>THE EXTRAORDINARY ITALIAN TASTE 100% AUTENTICO<\/strong><\/span><\/p>\n<p style=\"text-align: center;\"><span style=\"color: #000000;\">Qualit\u00e0, territorio, tradizione<\/span><\/p>\n<p>&nbsp;<\/p>\n<p style=\"text-align: center;\"><span style=\"color: #000000;\"><a href=\"http:\/\/www.cameraitalianabarcelona.com\/wp-content\/uploads\/2018\/03\/IMG_7245.jpg\"><img loading=\"lazy\" decoding=\"async\" class=\"aligncenter wp-image-23829 size-large\" src=\"http:\/\/www.cameraitalianabarcelona.com\/wp-content\/uploads\/2018\/03\/IMG_7245-1024x768.jpg\" alt=\"\" width=\"1024\" height=\"768\" srcset=\"http:\/\/www.cameraitalianabarcelona.com\/wp-content\/uploads\/2018\/03\/IMG_7245-1024x768.jpg 1024w, http:\/\/www.cameraitalianabarcelona.com\/wp-content\/uploads\/2018\/03\/IMG_7245-300x225.jpg 300w, http:\/\/www.cameraitalianabarcelona.com\/wp-content\/uploads\/2018\/03\/IMG_7245-768x576.jpg 768w, http:\/\/www.cameraitalianabarcelona.com\/wp-content\/uploads\/2018\/03\/IMG_7245-330x248.jpg 330w, http:\/\/www.cameraitalianabarcelona.com\/wp-content\/uploads\/2018\/03\/IMG_7245-1707x1280.jpg 1707w, http:\/\/www.cameraitalianabarcelona.com\/wp-content\/uploads\/2018\/03\/IMG_7245-552x414.jpg 552w, http:\/\/www.cameraitalianabarcelona.com\/wp-content\/uploads\/2018\/03\/IMG_7245-1280x960.jpg 1280w, http:\/\/www.cameraitalianabarcelona.com\/wp-content\/uploads\/2018\/03\/IMG_7245-414x311.jpg 414w, http:\/\/www.cameraitalianabarcelona.com\/wp-content\/uploads\/2018\/03\/IMG_7245-600x450.jpg 600w\" sizes=\"auto, (max-width: 1024px) 100vw, 1024px\" \/><\/a><\/span><\/p>\n<p style=\"text-align: justify;\"><span style=\"color: #000000;\">La\u00a0<strong>Camera di Commercio Italiana \u2013 Barcelona<\/strong>, impegnata nel progetto \u201c<strong>100% Aut\u00e9ntico<\/strong>\u201d, presenta\u00a0,\u00a0presenta\u00a0<strong>\u201cDegustaci\u00f3n Piemonte\u201d<\/strong>.<\/span><\/p>\n<p style=\"text-align: justify;\"><span style=\"color: #000000;\">Il passato 10 Marzo, nel negozio \u201c<strong>Le Regioni d\u2019Italia<\/strong>\u201d in calle Torrent de l\u2019Olla n\u2019 119, posizionato nell\u2019incantevole barrio di Gracia, si \u00e8 tenuta\u00a0la seconda degustazione dell\u2019 anno in seguito alle degustazioni regionali che hanno avuto nel negozio.<\/span><\/p>\n<p id=\"tw-target-text\" class=\"tw-data-text tw-ta tw-text-small\" dir=\"ltr\" style=\"text-align: justify;\" data-placeholder=\"Traduzione\"><span lang=\"it\" style=\"color: #000000;\">Un\u2019occasione unica per gustare, con un eccellente men\u00f9 creato per scoprire i migliori vini e specialit\u00e0, i prodotti tipici e di alta qualit\u00e0 100% DOP del Piemonte, una terra che possiede una gastronomia d\u2019eccellenza:<\/span><\/p>\n<p style=\"text-align: center;\"><span style=\"color: #000000;\"><span class=\"text_exposed_show\">Antipasti<\/span><span class=\"text_exposed_show\"><br \/>\n\u201cBagna Cauda\u201d t\u00edpica del Piemonte y verduras<br \/>\nGrissini y crema de trufa blanca<br \/>\nVermouth Punt e Mes Cocktail<\/span><\/span><\/p>\n<p style=\"text-align: center;\"><span style=\"color: #000000;\">Queso Robiola d\u2019Alba con Mostarda de uva (cogn\u00e0)<\/span><br \/>\n<span style=\"color: #000000;\">Carciofini spaccati (Alcachofitas partidas)<\/span><br \/>\n<span style=\"color: #000000;\">Crostino de anchoa con trufa<\/span><br \/>\n<span style=\"color: #000000;\">Maridaje de vino tinto<\/span><br \/>\n<span style=\"color: #000000;\">Barbera d\u2019Asti Doc Bodega Il Pozzo<\/span><\/p>\n<p style=\"text-align: center;\"><span style=\"color: #000000;\">Queso Pecorino con miel de trufa<\/span><br \/>\n<span style=\"color: #000000;\">Salamini al Barolo<\/span><br \/>\n<span style=\"color: #000000;\">Queso Tomini di langa con trufa<\/span><br \/>\n<span style=\"color: #000000;\">Coleflor a la Cavour<\/span><br \/>\n<span style=\"color: #000000;\">Maridaje de vino tinto<\/span><br \/>\n<span style=\"color: #000000;\">Barbera d\u2019Asti D.O.C.G. Superiore (Duca di Aleramo)<\/span><\/p>\n<p style=\"text-align: center;\"><span style=\"color: #000000;\">Primo piatto<\/span><br \/>\n<span style=\"color: #000000;\">Pasta fresca Girasoles de trufa negra y Gran Tortelli de setas Porcini con mantequilla de trufa y queso Grana Padano DOP<\/span><\/p>\n<p style=\"text-align: center;\"><span style=\"color: #000000;\">Maridaje de vino tinto<\/span><br \/>\n<span style=\"color: #000000;\">Barolo DOC Bodega Il Pozzo<\/span><\/p>\n<p style=\"text-align: center;\"><span style=\"color: #000000;\">Dessert<\/span><br \/>\n<span style=\"color: #000000;\">Gianduiotti<\/span><br \/>\n<span style=\"color: #000000;\">Amaretti<\/span><br \/>\n<span style=\"color: #000000;\">Baci di dama<\/span><\/p>\n<p style=\"text-align: center;\"><span style=\"color: #000000;\">Moscato d\u2019Asti Bodega Brezzo<\/span><br \/>\n<span style=\"color: #000000;\">Grappa barricata<\/span><br \/>\n<span style=\"color: #000000;\">Caf\u00e9<\/span><\/p>\n<p>&nbsp;<\/p>\n<p style=\"text-align: justify;\"><span style=\"color: #000000;\"><strong>\u201cDegustaci\u00f3n Piemonte\u201d<\/strong>\u00a0\u00e8 una delle iniziative del progetto \u201c<strong>100% Aut\u00e9ntico<\/strong>\u201d per la rivalorizzazione del prodotto agroalimentario italiano autentico, promossa dalla Camera di Commercio Italiana \u2013 Barcelona.<\/span><\/p>\n<p style=\"text-align: justify;\"><span style=\"color: #000000;\">Gli obiettivi di \u201c<strong>100% Aut\u00e9ntico<\/strong>\u201d sono:<\/span><\/p>\n<ul style=\"text-align: justify;\">\n<li><span style=\"color: #000000;\">Valorizzare nuovamente concetti come qualit\u00e0, tradizione e territorio, strettamente vincolati al prodotto italiano autentico<\/span><\/li>\n<li><span style=\"color: #000000;\">Facilitare l\u2019introduzione di tali prodotti nel mercato spagnolo<\/span><\/li>\n<li><span style=\"color: #000000;\">Sensibilizzare\u00a0 il consumatore e i professionisti del Settore riguardo i benefici provenienti dalla consumazione di autentici prodotti italiani<\/span><\/li>\n<\/ul>\n<p style=\"text-align: justify;\"><span style=\"color: #000000;\">Clicca qui<a style=\"color: #000000;\" href=\"http:\/\/www.cameraitalianabarcelona.com\/100-autentico-proyecto-para-la-revalorizacion-del-producto-agroalimentario-italiano-autentico\/\">\u00a0<\/a>per maggiori informazioni riguardo \u201c100% Aut\u00e9ntico\u201d<\/span><\/p>\n<p style=\"text-align: center;\"><a href=\"http:\/\/www.cameraitalianabarcelona.com\/?page_id=23865%2F&amp;preview=true\"><span style=\"color: #000000;\"><strong>CLICCA QUI PER VEDERE TUTTE LE FOTO DELL\u2019EVENTO<\/strong><\/span><\/a><\/p>\n","protected":false},"excerpt":{"rendered":"<p>THE EXTRAORDINARY ITALIAN TASTE 100% AUTENTICO Qualit\u00e0, territorio, tradizione &nbsp; La\u00a0Camera di Commercio Italiana \u2013 Barcelona, impegnata nel progetto \u201c100% Aut\u00e9ntico\u201d, presenta\u00a0,\u00a0presenta\u00a0\u201cDegustaci\u00f3n Piemonte\u201d. Il passato 10 Marzo, nel negozio \u201cLe Regioni d\u2019Italia\u201d in calle Torrent de l\u2019Olla n\u2019 119, posizionato nell\u2019incantevole barrio di Gracia, si \u00e8 tenuta\u00a0la seconda degustazione dell\u2019 anno in seguito alle degustazioni [&hellip;]<\/p>\n","protected":false},"author":2,"featured_media":23829,"comment_status":"open","ping_status":"closed","sticky":false,"template":"","format":"standard","meta":{"_exactmetrics_skip_tracking":false,"_exactmetrics_sitenote_active":false,"_exactmetrics_sitenote_note":"","_exactmetrics_sitenote_category":0,"ngg_post_thumbnail":0,"footnotes":""},"categories":[11],"tags":[],"class_list":["post-23861","post","type-post","status-publish","format-standard","has-post-thumbnail","hentry","category-non-categorizzato"],"_links":{"self":[{"href":"http:\/\/www.cameraitalianabarcelona.com\/it\/wp-json\/wp\/v2\/posts\/23861","targetHints":{"allow":["GET"]}}],"collection":[{"href":"http:\/\/www.cameraitalianabarcelona.com\/it\/wp-json\/wp\/v2\/posts"}],"about":[{"href":"http:\/\/www.cameraitalianabarcelona.com\/it\/wp-json\/wp\/v2\/types\/post"}],"author":[{"embeddable":true,"href":"http:\/\/www.cameraitalianabarcelona.com\/it\/wp-json\/wp\/v2\/users\/2"}],"replies":[{"embeddable":true,"href":"http:\/\/www.cameraitalianabarcelona.com\/it\/wp-json\/wp\/v2\/comments?post=23861"}],"version-history":[{"count":3,"href":"http:\/\/www.cameraitalianabarcelona.com\/it\/wp-json\/wp\/v2\/posts\/23861\/revisions"}],"predecessor-version":[{"id":23869,"href":"http:\/\/www.cameraitalianabarcelona.com\/it\/wp-json\/wp\/v2\/posts\/23861\/revisions\/23869"}],"wp:featuredmedia":[{"embeddable":true,"href":"http:\/\/www.cameraitalianabarcelona.com\/it\/wp-json\/wp\/v2\/media\/23829"}],"wp:attachment":[{"href":"http:\/\/www.cameraitalianabarcelona.com\/it\/wp-json\/wp\/v2\/media?parent=23861"}],"wp:term":[{"taxonomy":"category","embeddable":true,"href":"http:\/\/www.cameraitalianabarcelona.com\/it\/wp-json\/wp\/v2\/categories?post=23861"},{"taxonomy":"post_tag","embeddable":true,"href":"http:\/\/www.cameraitalianabarcelona.com\/it\/wp-json\/wp\/v2\/tags?post=23861"}],"curies":[{"name":"wp","href":"https:\/\/api.w.org\/{rel}","templated":true}]}}