{"id":23744,"date":"2018-03-06T10:16:39","date_gmt":"2018-03-06T10:16:39","guid":{"rendered":"http:\/\/www.cameraitalianabarcelona.com\/2018\/03\/la-camara-de-comercio-italiana-de-barcelona-celebra-la-jornada-internacional-del-design-made-in-italy\/"},"modified":"2019-04-17T09:14:17","modified_gmt":"2019-04-17T09:14:17","slug":"la-camara-de-comercio-italiana-de-barcelona-celebra-la-jornada-internacional-del-design-made-in-italy","status":"publish","type":"post","link":"http:\/\/www.cameraitalianabarcelona.com\/it\/2018\/03\/la-camara-de-comercio-italiana-de-barcelona-celebra-la-jornada-internacional-del-design-made-in-italy\/","title":{"rendered":"LA CAMERA DI COMMERCIO ITALIANA A BARCELLONA CELEBRA LA GIORNATA INTERNAZIONALE DEL DESIGN \u201cMADE IN ITALY\u201d"},"content":{"rendered":"<p style=\"text-align: justify;\"><span style=\"color: #000000;\"><strong>La Camera di Commercio Italiana &#8211; Barcellona<\/strong>, il <strong>Consolato Generale d\u2019Italia a Barcellona<\/strong>, <strong>l\u2019Istituto Italiano di Cultura<\/strong> e <strong>l\u2019Istituto Europeo di Design<\/strong> (<strong>IED<\/strong>) hanno celebrato lo scorso 1 Marzo la giornata internazionale del Design \u201cMade in Italy\u201d.<\/span><\/p>\n<p style=\"text-align: justify;\"><span style=\"color: #000000;\">L\u2019evento, che rende omaggio al design italiano si \u00e8 svolto presso la sede dell\u2019Istituto Europeo del Design, e simultaneamente in altre 100 citt\u00e0 del mondo.<\/span><\/p>\n<p style=\"text-align: justify;\"><span style=\"color: #000000;\">Barcellona \u00e8 da anni una citt\u00e0 interessante dal punto di vista dell\u2019innovazione creativa e del design funzionale vincolato allo sviluppo di soluzioni che rendono il contesto urbano e metropolitano sempre pi\u00f9 ecosostenibile. Si tratta di un punto strategico in cui design, architettura e natura si incontrano per condividere la medesima missione.<\/span><\/p>\n<p style=\"text-align: justify;\"><span style=\"color: #000000;\">Giunto alla sua seconda edizione l\u2019Italian Design Day 2018 ha avuto come protagonista principale la sostenibilit\u00e0, fattore chiave per la creazione di un ponte tra il presente ed il futuro del design.&nbsp;<\/span><\/p>\n<p style=\"text-align: justify;\"><span style=\"color: #000000;\">La giornata ha avuto inizio con una conferenza stampa che ha contato con la presenza di Gaia Lucilla Danese, Console Generale d\u2019Italia a Barcellona, Angelo Gio\u00e8, Direttore Generale dell\u2019Istituto Italiano di Cultura, Alessandro Manetti, Direttore Generale dello IED Barcellona e dei due eccellenti ambasciatori del Design, Odoardo Fioravanti e Giulio Iacchetti. L\u2019incontro di apertura ha visto la partecipazione delle pi\u00f9 importanti testate locali di design, architettura e interiorismo.<\/span><\/p>\n<p style=\"text-align: justify;\"><span style=\"color: #000000;\">Sul filo della sostenibilit\u00e0 e della necessit\u00e0 di individuare nuove modalit\u00e0 di creazione e produzione fondate sul rispetto del medio ambiente, sono state presentate due importanti esposizioni: <strong>FERRI TAGLIENTI. DESIGNING ECOTOOLS FOR FUTURE AGRICULTURE<\/strong>\u201d dei designer <strong>Odoardo Fioravanti<\/strong> e <strong>Giulio Iacchetti<\/strong>, e \u201c<strong>NATURALMENTE CREATIVI<\/strong>\u201d.&nbsp;&nbsp;&nbsp;&nbsp;&nbsp;&nbsp;&nbsp;&nbsp;&nbsp;&nbsp;&nbsp;&nbsp;&nbsp;&nbsp;&nbsp;&nbsp;&nbsp;<\/span><\/p>\n<p style=\"text-align: justify;\"><span style=\"color: #000000;\">L\u2019inaugurazione dell\u2019esposizione \u201cFERRI TAGLIENTI\u201d \u00e8 stata creata e commissariata da due dei pi\u00f9 grandi e importanti designer e ambasciatori del design internazionale: Odoardo Fioravanti e Giulio Iacchetti. L\u2019esposizione, incentrata sul tema della natura e dell\u2019artificio, vanta di una selezione di nuovi strumenti per la lavorazione del legno, creati dai due ambasciatori e dai tre giovani designer Mario Scairato, Vittorio Venezia e Attila Veress.<\/span><\/p>\n<p style=\"text-align: justify;\"><span style=\"color: #000000;\">L\u2019esposizione \u201cNATURALMENTE CREATIVI\u201d, strettamente collegata al progetto ITmakEs dell\u2019Ambasciata Italiana in Spagna, ha presentato le proposte di prodotti o servizi, realizzate da una selezione di designer e artisti italiani, di formazione italiana o partecipanti al progetto ItmakEs, come risposta concreta al tema della sostenibilit\u00e0.<\/span><\/p>\n<p style=\"text-align: justify;\"><span style=\"color: #000000;\">La Camera di Commercio Italiana di Barcellona ha inoltre promosso un\u2019azione di networking tra i giovani designer e le grandi aziende del settore, con l\u2019obiettivo di costruire un dialogo e creare delle sinergie per lo sviluppo di prodotti e servizi innovatori che verranno presentati nella prossima edizione del 2019. Un\u2019importante occasione d\u2019incontro tra &nbsp;giovani, artisti affermati, istituzioni, aziende del settore e business community del territorio; un momento di riflessione riguardo il Design \u201c<strong>Made in Italy<\/strong>\u201d che, caratterizzato da bellezza, qualit\u00e0 e originalit\u00e0 delle creazioni, gode di un successo che non conosce crisi.<\/span><\/p>\n<p style=\"text-align: justify;\"><span style=\"color: #000000;\">In quest\u2019ottica, l\u2019Italian Design Day intende valorizzare la collaborazione tra i designer e le imprese per dare vita a una nuova rivoluzione economico-culturale.<\/span><\/p>\n<p style=\"text-align: justify;\"><span style=\"color: #000000;\">La creativit\u00e0 assume, quindi, un importante ruolo come strumento di lavoro e comunicazione a favore della sostenibilit\u00e0, il cui obiettivo \u00e8 generare soluzioni innovatrici e rispettose del contesto urbano e una nuova cultura che promuova l\u2019importanza di adottare stili di vita e di consumo sostenibili.<\/span><\/p>\n<p><a href=\"http:\/\/www.cameraitalianabarcelona.com\/wp-content\/uploads\/2018\/03\/EA9B2351_ITALIAN-DESIGN-DAY.jpg\"><img loading=\"lazy\" decoding=\"async\" class=\"aligncenter wp-image-23741\" src=\"http:\/\/www.cameraitalianabarcelona.com\/wp-content\/uploads\/2018\/03\/EA9B2351_ITALIAN-DESIGN-DAY-1024x680.jpg\" alt=\"\" width=\"602\" height=\"400\" srcset=\"http:\/\/www.cameraitalianabarcelona.com\/wp-content\/uploads\/2018\/03\/EA9B2351_ITALIAN-DESIGN-DAY-1024x680.jpg 1024w, http:\/\/www.cameraitalianabarcelona.com\/wp-content\/uploads\/2018\/03\/EA9B2351_ITALIAN-DESIGN-DAY-300x199.jpg 300w, http:\/\/www.cameraitalianabarcelona.com\/wp-content\/uploads\/2018\/03\/EA9B2351_ITALIAN-DESIGN-DAY-768x510.jpg 768w, http:\/\/www.cameraitalianabarcelona.com\/wp-content\/uploads\/2018\/03\/EA9B2351_ITALIAN-DESIGN-DAY-150x100.jpg 150w, http:\/\/www.cameraitalianabarcelona.com\/wp-content\/uploads\/2018\/03\/EA9B2351_ITALIAN-DESIGN-DAY-330x219.jpg 330w, http:\/\/www.cameraitalianabarcelona.com\/wp-content\/uploads\/2018\/03\/EA9B2351_ITALIAN-DESIGN-DAY-900x600.jpg 900w, http:\/\/www.cameraitalianabarcelona.com\/wp-content\/uploads\/2018\/03\/EA9B2351_ITALIAN-DESIGN-DAY-1800x1200.jpg 1800w, http:\/\/www.cameraitalianabarcelona.com\/wp-content\/uploads\/2018\/03\/EA9B2351_ITALIAN-DESIGN-DAY-736x490.jpg 736w, http:\/\/www.cameraitalianabarcelona.com\/wp-content\/uploads\/2018\/03\/EA9B2351_ITALIAN-DESIGN-DAY-1920x1276.jpg 1920w, http:\/\/www.cameraitalianabarcelona.com\/wp-content\/uploads\/2018\/03\/EA9B2351_ITALIAN-DESIGN-DAY-623x414.jpg 623w, http:\/\/www.cameraitalianabarcelona.com\/wp-content\/uploads\/2018\/03\/EA9B2351_ITALIAN-DESIGN-DAY-1280x851.jpg 1280w, http:\/\/www.cameraitalianabarcelona.com\/wp-content\/uploads\/2018\/03\/EA9B2351_ITALIAN-DESIGN-DAY-414x275.jpg 414w\" sizes=\"auto, (max-width: 602px) 100vw, 602px\" \/><\/a><\/p>\n<p style=\"text-align: center;\"><span style=\"color: #000000;\">Da sinistra verso destra: Igor Garzesi, Gaia Lucilla Danese, Angelo Gio\u00e8, Alessandro Manetti<\/span><\/p>\n<p>&nbsp;<\/p>\n<p><a href=\"http:\/\/www.cameraitalianabarcelona.com\/wp-content\/uploads\/2018\/03\/EA9B2474_ITALIAN-DESIGN-DAY-1.jpg\"><img loading=\"lazy\" decoding=\"async\" class=\"aligncenter wp-image-23740\" src=\"http:\/\/www.cameraitalianabarcelona.com\/wp-content\/uploads\/2018\/03\/EA9B2474_ITALIAN-DESIGN-DAY-1.jpg\" alt=\"\" width=\"602\" height=\"400\" srcset=\"http:\/\/www.cameraitalianabarcelona.com\/wp-content\/uploads\/2018\/03\/EA9B2474_ITALIAN-DESIGN-DAY-1.jpg 2742w, http:\/\/www.cameraitalianabarcelona.com\/wp-content\/uploads\/2018\/03\/EA9B2474_ITALIAN-DESIGN-DAY-1-300x199.jpg 300w, http:\/\/www.cameraitalianabarcelona.com\/wp-content\/uploads\/2018\/03\/EA9B2474_ITALIAN-DESIGN-DAY-1-768x510.jpg 768w, http:\/\/www.cameraitalianabarcelona.com\/wp-content\/uploads\/2018\/03\/EA9B2474_ITALIAN-DESIGN-DAY-1-1024x680.jpg 1024w, http:\/\/www.cameraitalianabarcelona.com\/wp-content\/uploads\/2018\/03\/EA9B2474_ITALIAN-DESIGN-DAY-1-150x100.jpg 150w, http:\/\/www.cameraitalianabarcelona.com\/wp-content\/uploads\/2018\/03\/EA9B2474_ITALIAN-DESIGN-DAY-1-330x219.jpg 330w, http:\/\/www.cameraitalianabarcelona.com\/wp-content\/uploads\/2018\/03\/EA9B2474_ITALIAN-DESIGN-DAY-1-900x600.jpg 900w, http:\/\/www.cameraitalianabarcelona.com\/wp-content\/uploads\/2018\/03\/EA9B2474_ITALIAN-DESIGN-DAY-1-1800x1200.jpg 1800w, http:\/\/www.cameraitalianabarcelona.com\/wp-content\/uploads\/2018\/03\/EA9B2474_ITALIAN-DESIGN-DAY-1-736x490.jpg 736w, http:\/\/www.cameraitalianabarcelona.com\/wp-content\/uploads\/2018\/03\/EA9B2474_ITALIAN-DESIGN-DAY-1-1920x1276.jpg 1920w, http:\/\/www.cameraitalianabarcelona.com\/wp-content\/uploads\/2018\/03\/EA9B2474_ITALIAN-DESIGN-DAY-1-623x414.jpg 623w, http:\/\/www.cameraitalianabarcelona.com\/wp-content\/uploads\/2018\/03\/EA9B2474_ITALIAN-DESIGN-DAY-1-1280x851.jpg 1280w, http:\/\/www.cameraitalianabarcelona.com\/wp-content\/uploads\/2018\/03\/EA9B2474_ITALIAN-DESIGN-DAY-1-414x275.jpg 414w, http:\/\/www.cameraitalianabarcelona.com\/wp-content\/uploads\/2018\/03\/EA9B2474_ITALIAN-DESIGN-DAY-1-600x398.jpg 600w\" sizes=\"auto, (max-width: 602px) 100vw, 602px\" \/><\/a><\/p>\n<p style=\"text-align: center;\"><span style=\"color: #000000;\">Giulio Iacchetti a sinistra e Odoardo Fioravanti a destra<\/span><\/p>\n<p>&nbsp;<\/p>\n<p style=\"text-align: center;\"><a href=\"http:\/\/www.cameraitalianabarcelona.com\/wp-content\/uploads\/2018\/03\/EA9B2502_ITALIAN-DESIGN-DAY.jpg\"><img loading=\"lazy\" decoding=\"async\" class=\"aligncenter wp-image-23742\" src=\"http:\/\/www.cameraitalianabarcelona.com\/wp-content\/uploads\/2018\/03\/EA9B2502_ITALIAN-DESIGN-DAY.jpg\" alt=\"\" width=\"725\" height=\"400\" srcset=\"http:\/\/www.cameraitalianabarcelona.com\/wp-content\/uploads\/2018\/03\/EA9B2502_ITALIAN-DESIGN-DAY.jpg 3010w, http:\/\/www.cameraitalianabarcelona.com\/wp-content\/uploads\/2018\/03\/EA9B2502_ITALIAN-DESIGN-DAY-300x165.jpg 300w, http:\/\/www.cameraitalianabarcelona.com\/wp-content\/uploads\/2018\/03\/EA9B2502_ITALIAN-DESIGN-DAY-768x424.jpg 768w, http:\/\/www.cameraitalianabarcelona.com\/wp-content\/uploads\/2018\/03\/EA9B2502_ITALIAN-DESIGN-DAY-1024x565.jpg 1024w, http:\/\/www.cameraitalianabarcelona.com\/wp-content\/uploads\/2018\/03\/EA9B2502_ITALIAN-DESIGN-DAY-330x182.jpg 330w, http:\/\/www.cameraitalianabarcelona.com\/wp-content\/uploads\/2018\/03\/EA9B2502_ITALIAN-DESIGN-DAY-1920x1059.jpg 1920w, http:\/\/www.cameraitalianabarcelona.com\/wp-content\/uploads\/2018\/03\/EA9B2502_ITALIAN-DESIGN-DAY-736x406.jpg 736w, http:\/\/www.cameraitalianabarcelona.com\/wp-content\/uploads\/2018\/03\/EA9B2502_ITALIAN-DESIGN-DAY-1280x706.jpg 1280w, http:\/\/www.cameraitalianabarcelona.com\/wp-content\/uploads\/2018\/03\/EA9B2502_ITALIAN-DESIGN-DAY-414x228.jpg 414w\" sizes=\"auto, (max-width: 725px) 100vw, 725px\" \/><\/a><\/p>\n<p style=\"text-align: center;\"><a href=\"http:\/\/www.cameraitalianabarcelona.com\/italian-design-day\/\" target=\"_blank\" rel=\"noopener noreferrer\"><strong>CLICCARE QUI PER VEDERE TUTTE LE FOTO DELL&#8217;EVENTO<\/strong><\/a><\/p>\n","protected":false},"excerpt":{"rendered":"<p>La Camera di Commercio Italiana &#8211; Barcellona, il Consolato Generale d\u2019Italia a Barcellona, l\u2019Istituto Italiano di Cultura e l\u2019Istituto Europeo di Design (IED) hanno celebrato lo scorso 1 Marzo la giornata internazionale del Design \u201cMade in Italy\u201d. L\u2019evento, che rende omaggio al design italiano si \u00e8 svolto presso la sede dell\u2019Istituto Europeo del Design, e [&hellip;]<\/p>\n","protected":false},"author":2,"featured_media":23740,"comment_status":"open","ping_status":"closed","sticky":false,"template":"","format":"standard","meta":{"_exactmetrics_skip_tracking":false,"_exactmetrics_sitenote_active":false,"_exactmetrics_sitenote_note":"","_exactmetrics_sitenote_category":0,"ngg_post_thumbnail":0,"footnotes":""},"categories":[11],"tags":[],"class_list":["post-23744","post","type-post","status-publish","format-standard","has-post-thumbnail","hentry","category-non-categorizzato"],"_links":{"self":[{"href":"http:\/\/www.cameraitalianabarcelona.com\/it\/wp-json\/wp\/v2\/posts\/23744","targetHints":{"allow":["GET"]}}],"collection":[{"href":"http:\/\/www.cameraitalianabarcelona.com\/it\/wp-json\/wp\/v2\/posts"}],"about":[{"href":"http:\/\/www.cameraitalianabarcelona.com\/it\/wp-json\/wp\/v2\/types\/post"}],"author":[{"embeddable":true,"href":"http:\/\/www.cameraitalianabarcelona.com\/it\/wp-json\/wp\/v2\/users\/2"}],"replies":[{"embeddable":true,"href":"http:\/\/www.cameraitalianabarcelona.com\/it\/wp-json\/wp\/v2\/comments?post=23744"}],"version-history":[{"count":5,"href":"http:\/\/www.cameraitalianabarcelona.com\/it\/wp-json\/wp\/v2\/posts\/23744\/revisions"}],"predecessor-version":[{"id":28110,"href":"http:\/\/www.cameraitalianabarcelona.com\/it\/wp-json\/wp\/v2\/posts\/23744\/revisions\/28110"}],"wp:featuredmedia":[{"embeddable":true,"href":"http:\/\/www.cameraitalianabarcelona.com\/it\/wp-json\/wp\/v2\/media\/23740"}],"wp:attachment":[{"href":"http:\/\/www.cameraitalianabarcelona.com\/it\/wp-json\/wp\/v2\/media?parent=23744"}],"wp:term":[{"taxonomy":"category","embeddable":true,"href":"http:\/\/www.cameraitalianabarcelona.com\/it\/wp-json\/wp\/v2\/categories?post=23744"},{"taxonomy":"post_tag","embeddable":true,"href":"http:\/\/www.cameraitalianabarcelona.com\/it\/wp-json\/wp\/v2\/tags?post=23744"}],"curies":[{"name":"wp","href":"https:\/\/api.w.org\/{rel}","templated":true}]}}