{"id":23669,"date":"2018-03-01T11:37:27","date_gmt":"2018-03-01T11:37:27","guid":{"rendered":"http:\/\/www.cameraitalianabarcelona.com\/2018\/03\/italian-design-day-rueda-de-prensa\/"},"modified":"2018-03-05T12:13:42","modified_gmt":"2018-03-05T12:13:42","slug":"italian-design-day-rueda-de-prensa","status":"publish","type":"post","link":"http:\/\/www.cameraitalianabarcelona.com\/it\/2018\/03\/italian-design-day-rueda-de-prensa\/","title":{"rendered":"ITALIAN DESIGN DAY &#8211; CONFERENZA STAMPA"},"content":{"rendered":"<p><a href=\"http:\/\/www.cameraitalianabarcelona.com\/wp-content\/uploads\/2018\/03\/IMG_20180301_155438_585-1.jpg\"><img loading=\"lazy\" decoding=\"async\" class=\"aligncenter wp-image-23686 \" src=\"http:\/\/www.cameraitalianabarcelona.com\/wp-content\/uploads\/2018\/03\/IMG_20180301_155438_585-1.jpg\" alt=\"\" width=\"741\" height=\"430\" srcset=\"http:\/\/www.cameraitalianabarcelona.com\/wp-content\/uploads\/2018\/03\/IMG_20180301_155438_585-1.jpg 1327w, http:\/\/www.cameraitalianabarcelona.com\/wp-content\/uploads\/2018\/03\/IMG_20180301_155438_585-1-300x174.jpg 300w, http:\/\/www.cameraitalianabarcelona.com\/wp-content\/uploads\/2018\/03\/IMG_20180301_155438_585-1-768x446.jpg 768w, http:\/\/www.cameraitalianabarcelona.com\/wp-content\/uploads\/2018\/03\/IMG_20180301_155438_585-1-1024x594.jpg 1024w, http:\/\/www.cameraitalianabarcelona.com\/wp-content\/uploads\/2018\/03\/IMG_20180301_155438_585-1-330x191.jpg 330w, http:\/\/www.cameraitalianabarcelona.com\/wp-content\/uploads\/2018\/03\/IMG_20180301_155438_585-1-713x414.jpg 713w, http:\/\/www.cameraitalianabarcelona.com\/wp-content\/uploads\/2018\/03\/IMG_20180301_155438_585-1-1280x743.jpg 1280w, http:\/\/www.cameraitalianabarcelona.com\/wp-content\/uploads\/2018\/03\/IMG_20180301_155438_585-1-414x240.jpg 414w\" sizes=\"auto, (max-width: 741px) 100vw, 741px\" \/><\/a><\/p>\n<p>&nbsp;<\/p>\n<p><span style=\"color: #000000;\">Il 1 \u00b0 marzo, presso lo <strong>IED Barcelona<\/strong>, si \u00e8 tenuta la conferenza stampa della presentazione della seconda edizione dell&#8217; <strong>Italian Design Day<\/strong>; un evento internazionale che viene celebrato in pi\u00f9 di 100 citt\u00e0 di tutto il mondo e che rende omaggio al design e alla sostenibilit\u00e0 italiana, quest&#8217;ultima vista da un punto di vista economico, sociale ed ambientale. L&#8217;obiettivo del progetto \u00e8 quello d&#8217;indagare quale potrebbe essere il contributo del design alla natura e all&#8217;essere umano.<\/span><\/p>\n<p><span style=\"color: #000000;\">Durante l&#8217;evento, sono state inaugurate le mostre &#8220;<strong>Naturalmente Creativi<\/strong>&#8221; e &#8220;<strong>Ferri Taglienti. Design ecotools for future agriculture<\/strong>&#8221; presentate rispettivamente dal direttore dello IED Barcelona e Vicepresidente della Camera di Commercio Italiana &#8211; Barcellona Alessandro Manetti e dai designer industriali Odoardo Fioravanti e Giulio Iacchetti.<\/span><\/p>\n<p><span style=\"color: #000000;\">Alla conferenza stampa ha partecipato il Console Generale d&#8217;Italia a Barcellona, Gaia Danese, che ha dato il benvenuto introducendo l&#8217;Italian Design Day, il progetto ITmakES e tutte le iniziative in programma; e il direttore dell&#8217;Istituto Italiano di Cultura Angelo Gio\u00e8.<\/span><\/p>\n<p><span style=\"color: #000000;\">Al termine della conferenza stampa i partecipanti hanno potuto effettuare un tour delle installazioni.<\/span><\/p>\n<div id=\"attachment_23662\" style=\"width: 760px\" class=\"wp-caption aligncenter\"><a href=\"http:\/\/www.cameraitalianabarcelona.com\/wp-content\/uploads\/2018\/03\/IMG_6959.jpg\"><img loading=\"lazy\" decoding=\"async\" aria-describedby=\"caption-attachment-23662\" class=\"wp-image-23662\" src=\"http:\/\/www.cameraitalianabarcelona.com\/wp-content\/uploads\/2018\/03\/IMG_6959.jpg\" alt=\"\" width=\"750\" height=\"562\" srcset=\"http:\/\/www.cameraitalianabarcelona.com\/wp-content\/uploads\/2018\/03\/IMG_6959.jpg 1600w, http:\/\/www.cameraitalianabarcelona.com\/wp-content\/uploads\/2018\/03\/IMG_6959-300x225.jpg 300w, http:\/\/www.cameraitalianabarcelona.com\/wp-content\/uploads\/2018\/03\/IMG_6959-768x576.jpg 768w, http:\/\/www.cameraitalianabarcelona.com\/wp-content\/uploads\/2018\/03\/IMG_6959-1024x768.jpg 1024w, http:\/\/www.cameraitalianabarcelona.com\/wp-content\/uploads\/2018\/03\/IMG_6959-330x248.jpg 330w, http:\/\/www.cameraitalianabarcelona.com\/wp-content\/uploads\/2018\/03\/IMG_6959-552x414.jpg 552w, http:\/\/www.cameraitalianabarcelona.com\/wp-content\/uploads\/2018\/03\/IMG_6959-1280x960.jpg 1280w, http:\/\/www.cameraitalianabarcelona.com\/wp-content\/uploads\/2018\/03\/IMG_6959-414x311.jpg 414w\" sizes=\"auto, (max-width: 750px) 100vw, 750px\" \/><\/a><p id=\"caption-attachment-23662\" class=\"wp-caption-text\"><center><em><span style=\"color: #000000;\">In foto: Alessandro Manetti, Angelo Gio\u00e8, Gaia Danese, Odoardo Fioravanti, Giulio Iacchetti.<\/span><\/em><\/center><\/p><\/div>\n<p>&nbsp;<\/p>\n<p style=\"text-align: justify;\"><span style=\"color: #000000;\">Si ringraziano tutte le aziende collaboratrici:\u00a0<strong>Barilla<\/strong>, <strong>Birrifico Poretti<\/strong>, <strong>Campari<\/strong>,\u00a0<strong>Fedrigoni<\/strong>, <strong>Ferrero<\/strong>, <strong>Grimaldi Lines<\/strong>, <strong>Irsap-Rhoss Clima Integral<\/strong>, <strong>Listone Giordano<\/strong>, <strong>MAT by Minim<\/strong>, <strong>Rasoterra<\/strong>,\u00a0<strong>Smeg<\/strong>.<\/span><\/p>\n<p>&nbsp;<\/p>\n<p><a href=\"http:\/\/www.cameraitalianabarcelona.com\/wp-content\/uploads\/2018\/03\/IMG_6945.jpg\"><img loading=\"lazy\" decoding=\"async\" class=\"aligncenter wp-image-23663\" src=\"http:\/\/www.cameraitalianabarcelona.com\/wp-content\/uploads\/2018\/03\/IMG_6945.jpg\" alt=\"\" width=\"750\" height=\"562\" srcset=\"http:\/\/www.cameraitalianabarcelona.com\/wp-content\/uploads\/2018\/03\/IMG_6945.jpg 1600w, http:\/\/www.cameraitalianabarcelona.com\/wp-content\/uploads\/2018\/03\/IMG_6945-300x225.jpg 300w, http:\/\/www.cameraitalianabarcelona.com\/wp-content\/uploads\/2018\/03\/IMG_6945-768x576.jpg 768w, http:\/\/www.cameraitalianabarcelona.com\/wp-content\/uploads\/2018\/03\/IMG_6945-1024x768.jpg 1024w, http:\/\/www.cameraitalianabarcelona.com\/wp-content\/uploads\/2018\/03\/IMG_6945-330x248.jpg 330w, http:\/\/www.cameraitalianabarcelona.com\/wp-content\/uploads\/2018\/03\/IMG_6945-552x414.jpg 552w, http:\/\/www.cameraitalianabarcelona.com\/wp-content\/uploads\/2018\/03\/IMG_6945-1280x960.jpg 1280w, http:\/\/www.cameraitalianabarcelona.com\/wp-content\/uploads\/2018\/03\/IMG_6945-414x311.jpg 414w\" sizes=\"auto, (max-width: 750px) 100vw, 750px\" \/><\/a><\/p>\n<p>&nbsp;<\/p>\n","protected":false},"excerpt":{"rendered":"<p>&nbsp; Il 1 \u00b0 marzo, presso lo IED Barcelona, si \u00e8 tenuta la conferenza stampa della presentazione della seconda edizione dell&#8217; Italian Design Day; un evento internazionale che viene celebrato in pi\u00f9 di 100 citt\u00e0 di tutto il mondo e che rende omaggio al design e alla sostenibilit\u00e0 italiana, quest&#8217;ultima vista da un punto di [&hellip;]<\/p>\n","protected":false},"author":2,"featured_media":23694,"comment_status":"open","ping_status":"closed","sticky":false,"template":"","format":"standard","meta":{"_exactmetrics_skip_tracking":false,"_exactmetrics_sitenote_active":false,"_exactmetrics_sitenote_note":"","_exactmetrics_sitenote_category":0,"ngg_post_thumbnail":0,"footnotes":""},"categories":[11],"tags":[],"class_list":["post-23669","post","type-post","status-publish","format-standard","has-post-thumbnail","hentry","category-non-categorizzato"],"_links":{"self":[{"href":"http:\/\/www.cameraitalianabarcelona.com\/it\/wp-json\/wp\/v2\/posts\/23669","targetHints":{"allow":["GET"]}}],"collection":[{"href":"http:\/\/www.cameraitalianabarcelona.com\/it\/wp-json\/wp\/v2\/posts"}],"about":[{"href":"http:\/\/www.cameraitalianabarcelona.com\/it\/wp-json\/wp\/v2\/types\/post"}],"author":[{"embeddable":true,"href":"http:\/\/www.cameraitalianabarcelona.com\/it\/wp-json\/wp\/v2\/users\/2"}],"replies":[{"embeddable":true,"href":"http:\/\/www.cameraitalianabarcelona.com\/it\/wp-json\/wp\/v2\/comments?post=23669"}],"version-history":[{"count":4,"href":"http:\/\/www.cameraitalianabarcelona.com\/it\/wp-json\/wp\/v2\/posts\/23669\/revisions"}],"predecessor-version":[{"id":23711,"href":"http:\/\/www.cameraitalianabarcelona.com\/it\/wp-json\/wp\/v2\/posts\/23669\/revisions\/23711"}],"wp:featuredmedia":[{"embeddable":true,"href":"http:\/\/www.cameraitalianabarcelona.com\/it\/wp-json\/wp\/v2\/media\/23694"}],"wp:attachment":[{"href":"http:\/\/www.cameraitalianabarcelona.com\/it\/wp-json\/wp\/v2\/media?parent=23669"}],"wp:term":[{"taxonomy":"category","embeddable":true,"href":"http:\/\/www.cameraitalianabarcelona.com\/it\/wp-json\/wp\/v2\/categories?post=23669"},{"taxonomy":"post_tag","embeddable":true,"href":"http:\/\/www.cameraitalianabarcelona.com\/it\/wp-json\/wp\/v2\/tags?post=23669"}],"curies":[{"name":"wp","href":"https:\/\/api.w.org\/{rel}","templated":true}]}}