{"id":23533,"date":"2018-02-22T12:29:51","date_gmt":"2018-02-22T12:29:51","guid":{"rendered":"http:\/\/www.cameraitalianabarcelona.com\/2018\/02\/italian-design-day-1-marzo-2018\/"},"modified":"2018-02-26T16:00:10","modified_gmt":"2018-02-26T16:00:10","slug":"italian-design-day-1-marzo-2018","status":"publish","type":"post","link":"http:\/\/www.cameraitalianabarcelona.com\/it\/2018\/02\/italian-design-day-1-marzo-2018\/","title":{"rendered":"ITALIAN DESIGN DAY, 1 MARZO 2018"},"content":{"rendered":"<p><a href=\"http:\/\/www.cameraitalianabarcelona.com\/wp-content\/uploads\/2018\/02\/Italian-design-day.jpg\"><img loading=\"lazy\" decoding=\"async\" class=\"aligncenter wp-image-23521\" src=\"http:\/\/www.cameraitalianabarcelona.com\/wp-content\/uploads\/2018\/02\/Italian-design-day.jpg\" alt=\"\" width=\"668\" height=\"461\" srcset=\"http:\/\/www.cameraitalianabarcelona.com\/wp-content\/uploads\/2018\/02\/Italian-design-day.jpg 580w, http:\/\/www.cameraitalianabarcelona.com\/wp-content\/uploads\/2018\/02\/Italian-design-day-300x207.jpg 300w, http:\/\/www.cameraitalianabarcelona.com\/wp-content\/uploads\/2018\/02\/Italian-design-day-330x228.jpg 330w, http:\/\/www.cameraitalianabarcelona.com\/wp-content\/uploads\/2018\/02\/Italian-design-day-260x180.jpg 260w, http:\/\/www.cameraitalianabarcelona.com\/wp-content\/uploads\/2018\/02\/Italian-design-day-520x360.jpg 520w, http:\/\/www.cameraitalianabarcelona.com\/wp-content\/uploads\/2018\/02\/Italian-design-day-414x286.jpg 414w, http:\/\/www.cameraitalianabarcelona.com\/wp-content\/uploads\/2018\/02\/Italian-design-day-600x413.jpg 600w\" sizes=\"auto, (max-width: 668px) 100vw, 668px\" \/><\/a><\/p>\n<p>&nbsp;<\/p>\n<p><span style=\"color: #000000;\">L<strong>\u2019Italian Design Day 2018<\/strong>, l\u2019evento internazionale che avr\u00e0 luogo il Primo Marzo in <strong>tutto il mondo<\/strong>, rende omaggio al <strong>design<\/strong> e alla <strong>sostenibilit\u00e0<\/strong> nella sua seconda edizione. La celebrazione del design italiano si ispira al concetto della Sostenibilit\u00e0 Ambientale, per riflettere sui modi in cui il design riesce a trasformare la nostra societ\u00e0 e preservare il pianeta.<\/span><\/p>\n<p><span style=\"color: #000000;\">Il<span style=\"text-decoration: underline;\"> <a style=\"color: #000000; text-decoration: underline;\" href=\"http:\/\/www.consbarcellona.esteri.it\/consolato_barcellona\/it\/\">Consolato Generale d\u2019Italia a Barcellona<\/a><\/span>, l\u2019<span style=\"text-decoration: underline;\"><a style=\"color: #000000; text-decoration: underline;\" href=\"http:\/\/www.iicbarcellona.esteri.it\/iic_barcellona\/it\/\">Istituto Italiano di Cultura<\/a> <\/span>e la<span style=\"text-decoration: underline;\"> <a style=\"color: #000000; text-decoration: underline;\" href=\"http:\/\/www.cameraitalianabarcelona.com\/it\/\">Camera di Commercio Italiana di Barcellona<\/a><\/span>, insieme allo<span style=\"text-decoration: underline;\"> <a style=\"color: #000000; text-decoration: underline;\" href=\"http:\/\/iedbarcelona.es\/\">IED Barcelona<\/a><\/span>, uniscono le forze per organizzare l\u2019<strong>Italian Design Day 2018<\/strong>, promosso dal <span style=\"text-decoration: underline;\"><a style=\"color: #000000; text-decoration: underline;\" href=\"https:\/\/www.esteri.it\/mae\/it\/\">Ministero degli Affari Esteri<\/a><\/span>, nella citt\u00e0 di <strong>Barcellona<\/strong>.<\/span><\/p>\n<p><span style=\"color: #000000;\">Le installazioni dell\u2019Istituto Europeo di Design di Barcellona accolgono l\u2019esposizione e performance dal vivo \u201c<strong>Ferri Taglienti. Designing ecotools for future agriculture<\/strong>\u201d. I rinomati designers <strong>Odo Fioravanti<\/strong> e <strong>Giulio Iacchetti<\/strong> hanno concepito questa proposta insieme a<strong> Mario Scairato<\/strong>, <strong>Vittorio Venezia<\/strong> e <strong>Attila Veress<\/strong>, la quale consiste in una nuova interpretazione degli strumenti del campo per lavorare la terra, il legno, o raccogliere il fieno. I due designers realizzeranno una dimostrazione dal vivo per mostrare le nuove applicazioni di questi strumenti che hanno concepito per lavorare il legno.<\/span><\/p>\n<p><span style=\"color: #000000;\">Inoltre, avr\u00e0 luogo \u201c<strong>Naturalmente Creativi. Italy driven designers for Italian companies sustainability<\/strong>\u201d, un incontro-networking tra importanti aziende Italiane stabilitesi nella capitale Catalana con designers Italiani o di formazione Italiana, con lo scopo di condividere visioni e discutere sul tema del design sostenibile nella societ\u00e0 odierna. In aggiunta, i loro iconici progetti rimarranno esposti in un\u2019esibizione unica per celebrare, anche quest\u2019anno, l\u2019influenza del design italiano nel XXI secolo.<\/span><\/p>\n<p>&nbsp;<\/p>\n<p><span style=\"color: #000000;\"><strong>Italian Design Day Exhibitions<\/strong><\/span><\/p>\n<p><span style=\"color: #000000;\"><strong>Luogo<\/strong>: IED Barcelona, Calle Biada 11<\/span><\/p>\n<p><span style=\"color: #000000;\"><strong>Giorno<\/strong>: Da Giovedi 1 Marzo \u2013 a Venerd\u00ec 9 Marzo<\/span><\/p>\n<p><span style=\"color: #000000;\"><strong>Ora<\/strong>: Dalle 10 alle 19<\/span><\/p>\n<p>&nbsp;<\/p>\n<p style=\"text-align: center;\"><span style=\"color: #000000;\"><span style=\"text-decoration: underline;\">Confermare presenza<\/span> per l\u2019inaugurazione dell\u2019esposizione di Gioved\u00ec 1 Marzo all\u2019indirizzo:<\/span><\/p>\n<p style=\"text-align: center;\"><span style=\"color: #000000;\"> <strong><a style=\"color: #000000;\" href=\"mailto:dir@bcn.ied.es\">dir@bcn.ied.es<\/a><\/strong>\u00a0(accesso gratuito)<\/span><\/p>\n<p>&nbsp;<\/p>\n<p><a href=\"http:\/\/www.cameraitalianabarcelona.com\/wp-content\/uploads\/2018\/02\/loghi-footer.png\"><img loading=\"lazy\" decoding=\"async\" class=\"aligncenter size-full wp-image-23522\" src=\"http:\/\/www.cameraitalianabarcelona.com\/wp-content\/uploads\/2018\/02\/loghi-footer.png\" alt=\"\" width=\"820\" height=\"57\" srcset=\"http:\/\/www.cameraitalianabarcelona.com\/wp-content\/uploads\/2018\/02\/loghi-footer.png 820w, http:\/\/www.cameraitalianabarcelona.com\/wp-content\/uploads\/2018\/02\/loghi-footer-300x21.png 300w, http:\/\/www.cameraitalianabarcelona.com\/wp-content\/uploads\/2018\/02\/loghi-footer-768x53.png 768w, http:\/\/www.cameraitalianabarcelona.com\/wp-content\/uploads\/2018\/02\/loghi-footer-330x23.png 330w, http:\/\/www.cameraitalianabarcelona.com\/wp-content\/uploads\/2018\/02\/loghi-footer-736x51.png 736w, http:\/\/www.cameraitalianabarcelona.com\/wp-content\/uploads\/2018\/02\/loghi-footer-414x29.png 414w\" sizes=\"auto, (max-width: 820px) 100vw, 820px\" \/><\/a><\/p>\n","protected":false},"excerpt":{"rendered":"<p>&nbsp; L\u2019Italian Design Day 2018, l\u2019evento internazionale che avr\u00e0 luogo il Primo Marzo in tutto il mondo, rende omaggio al design e alla sostenibilit\u00e0 nella sua seconda edizione. La celebrazione del design italiano si ispira al concetto della Sostenibilit\u00e0 Ambientale, per riflettere sui modi in cui il design riesce a trasformare la nostra societ\u00e0 e [&hellip;]<\/p>\n","protected":false},"author":2,"featured_media":23521,"comment_status":"open","ping_status":"closed","sticky":false,"template":"","format":"standard","meta":{"_exactmetrics_skip_tracking":false,"_exactmetrics_sitenote_active":false,"_exactmetrics_sitenote_note":"","_exactmetrics_sitenote_category":0,"ngg_post_thumbnail":0,"footnotes":""},"categories":[11],"tags":[],"class_list":["post-23533","post","type-post","status-publish","format-standard","has-post-thumbnail","hentry","category-non-categorizzato"],"_links":{"self":[{"href":"http:\/\/www.cameraitalianabarcelona.com\/it\/wp-json\/wp\/v2\/posts\/23533","targetHints":{"allow":["GET"]}}],"collection":[{"href":"http:\/\/www.cameraitalianabarcelona.com\/it\/wp-json\/wp\/v2\/posts"}],"about":[{"href":"http:\/\/www.cameraitalianabarcelona.com\/it\/wp-json\/wp\/v2\/types\/post"}],"author":[{"embeddable":true,"href":"http:\/\/www.cameraitalianabarcelona.com\/it\/wp-json\/wp\/v2\/users\/2"}],"replies":[{"embeddable":true,"href":"http:\/\/www.cameraitalianabarcelona.com\/it\/wp-json\/wp\/v2\/comments?post=23533"}],"version-history":[{"count":2,"href":"http:\/\/www.cameraitalianabarcelona.com\/it\/wp-json\/wp\/v2\/posts\/23533\/revisions"}],"predecessor-version":[{"id":23535,"href":"http:\/\/www.cameraitalianabarcelona.com\/it\/wp-json\/wp\/v2\/posts\/23533\/revisions\/23535"}],"wp:featuredmedia":[{"embeddable":true,"href":"http:\/\/www.cameraitalianabarcelona.com\/it\/wp-json\/wp\/v2\/media\/23521"}],"wp:attachment":[{"href":"http:\/\/www.cameraitalianabarcelona.com\/it\/wp-json\/wp\/v2\/media?parent=23533"}],"wp:term":[{"taxonomy":"category","embeddable":true,"href":"http:\/\/www.cameraitalianabarcelona.com\/it\/wp-json\/wp\/v2\/categories?post=23533"},{"taxonomy":"post_tag","embeddable":true,"href":"http:\/\/www.cameraitalianabarcelona.com\/it\/wp-json\/wp\/v2\/tags?post=23533"}],"curies":[{"name":"wp","href":"https:\/\/api.w.org\/{rel}","templated":true}]}}