{"id":23239,"date":"2018-02-01T12:57:16","date_gmt":"2018-02-01T12:57:16","guid":{"rendered":"http:\/\/www.cameraitalianabarcelona.com\/?p=23239\/"},"modified":"2018-02-26T16:01:03","modified_gmt":"2018-02-26T16:01:03","slug":"true-italian-taste-i-numeri-del-successo-dei-primi-18-mesi-di-progetto","status":"publish","type":"post","link":"http:\/\/www.cameraitalianabarcelona.com\/it\/2018\/02\/true-italian-taste-i-numeri-del-successo-dei-primi-18-mesi-di-progetto\/","title":{"rendered":"&#8220;TRUE ITALIAN TASTE&#8221;: I numeri del successo dei primi 18 mesi di Progetto"},"content":{"rendered":"<p style=\"text-align: justify;\"><span style=\"color: #000000;\">Assocamerestero, in collaborazione con la\u00a0<strong>Camera di Commercio Industria, Artigianato e Agricoltura di Foggia,\u00a0<\/strong>\u00a0ha presentato a Foggia, tramite una conferenza stampa, \u00a0i primi risultati dell\u2019attivit\u00e0 svolta con il progetto\u00a0<a style=\"color: #000000;\" href=\"http:\/\/www.trueitaliantaste.com\/\"><strong>\u201cTrue Italian Taste\u201d<\/strong><\/a>, finanziato e promosso dal\u00a0<strong>Ministero dello Sviluppo Economico\u00a0<\/strong>in collaborazione con\u00a0<strong>ICE Agenzia<\/strong>\u00a0nel quadro della \u201cCampagna di Valorizzazione e promozione del prodotto agroalimentare italiano autentico\u201d. \u00a0<\/span><\/p>\n<p><a href=\"http:\/\/www.cameraitalianabarcelona.com\/wp-content\/uploads\/2018\/02\/Foto-conferenza-Puglia.jpg\"><img loading=\"lazy\" decoding=\"async\" class=\"aligncenter wp-image-23243 \" src=\"http:\/\/www.cameraitalianabarcelona.com\/wp-content\/uploads\/2018\/02\/Foto-conferenza-Puglia.jpg\" alt=\"\" width=\"800\" height=\"450\" srcset=\"http:\/\/www.cameraitalianabarcelona.com\/wp-content\/uploads\/2018\/02\/Foto-conferenza-Puglia.jpg 1600w, http:\/\/www.cameraitalianabarcelona.com\/wp-content\/uploads\/2018\/02\/Foto-conferenza-Puglia-300x169.jpg 300w, http:\/\/www.cameraitalianabarcelona.com\/wp-content\/uploads\/2018\/02\/Foto-conferenza-Puglia-768x432.jpg 768w, http:\/\/www.cameraitalianabarcelona.com\/wp-content\/uploads\/2018\/02\/Foto-conferenza-Puglia-1024x576.jpg 1024w, http:\/\/www.cameraitalianabarcelona.com\/wp-content\/uploads\/2018\/02\/Foto-conferenza-Puglia-330x186.jpg 330w, http:\/\/www.cameraitalianabarcelona.com\/wp-content\/uploads\/2018\/02\/Foto-conferenza-Puglia-736x414.jpg 736w, http:\/\/www.cameraitalianabarcelona.com\/wp-content\/uploads\/2018\/02\/Foto-conferenza-Puglia-1280x720.jpg 1280w, http:\/\/www.cameraitalianabarcelona.com\/wp-content\/uploads\/2018\/02\/Foto-conferenza-Puglia-414x233.jpg 414w, http:\/\/www.cameraitalianabarcelona.com\/wp-content\/uploads\/2018\/02\/Foto-conferenza-Puglia-600x337.jpg 600w\" sizes=\"auto, (max-width: 800px) 100vw, 800px\" \/><\/a><\/p>\n<p style=\"text-align: justify;\"><span style=\"color: #000000;\">L\u2019obiettivo del programma True Italian Taste, coordinato da Assocamerestero, \u00e8 favorire la maggiore diffusione e conoscenza del vero prodotto agroalimentare italiano autentico e sostenere, attraverso azioni di promozione e business meeting sia in Italia che all\u2019estero, le esportazioni delle PMI italiane operanti in questo settore. Tutti gli eventi e azioni previste dal \u00a0progetto, sono realizzati in stretta collaborazione con\u00a0<strong>28 CCIE<\/strong>\u00a0che presidiano i territori di USA, Canada, Messico, Belgio, Francia, Germania, Lussemburgo, Olanda, Regno Unito, Spagna e Svizzera.<\/span><\/p>\n<p style=\"text-align: justify;\"><span style=\"color: #000000;\">Nello specifico, la Campagna \u00e8 partita nel 2016 in Nord America con le CCIE di Chicago, Houston, Los Angeles, Miami, New York, Montr\u00e9al, Toronto, Vancouver e Citt\u00e0 del Messico, cui si sono aggiunte dal 2017\u00a0<strong>12<\/strong>\u00a0piazze europee con le CCIE di <strong>Barcellona<\/strong>, Madrid, Londra, Francoforte, Monaco, Bruxelles, Lussemburgo, Amsterdam, Lione, Marsiglia, Nizza e Zurigo.<\/span><\/p>\n<p style=\"text-align: justify;\"><span style=\"color: #000000;\">I numeri complessivi di questi <strong>primi 18 mesi di Progetto<\/strong> sono importanti e positivi: sono stati organizzati sul territorio italiano fino ad oggi\u00a0<strong>1.500 incontri B2B con 600 imprese italiane<\/strong>\u00a0e\u00a0<strong>oltre 65 buyer esteri selezionati dalle CCIE<\/strong>; coinvolti nei paesi esteri\u00a0<strong>3.000\u00a0<em>influencers<\/em>\u00a0e oltre 450 mila \u201cfoodies\u201d<\/strong>\u00a0&#8211; appassionati e esperti di cibo \u2013 in\u00a0<strong>90 eventi<\/strong>.\u00a0<\/span><\/p>\n<p style=\"text-align: justify;\"><span style=\"color: #000000;\">Nel 2018 il Progetto si aprir\u00e0\u00a0<strong>anche all\u2019Asia<\/strong>\u00a0con le\u00a0<strong>CCIE di Cina, Corea del Sud, Giappone, Hong Kong, Singapore, Thailandia e Vietnam.<\/strong><\/span><\/p>\n<p style=\"text-align: justify;\"><span style=\"color: #000000;\">Ad introdurre i lavori della Conferenza \u00e8 stato<strong>\u00a0Fabio Porreca<\/strong>, Presidente della Camera di Commercio di Foggia nonch\u00e9 Vicepresidente nazionale di Unioncamere; sono intervenuti poi\u00a0<strong>Michele Emiliano<\/strong>, Governatore della Regione Puglia,\u00a0<strong>Colomba Mongiello<\/strong>, Vice Presidente della Commissione parlamentare d&#8217;inchiesta sulla contraffazione della Camera dei Deputati, e\u00a0<strong>Gaetano Fausto Esposito,\u00a0<\/strong>Segretario Generale di Assocamerestero, che ha illustrato alla platea i risultati raggiunti finora.<\/span><\/p>\n<p>&nbsp;<\/p>\n<p style=\"text-align: center;\"><a href=\"http:\/\/www.cameraitalianabarcelona.com\/it\/100-autentico-progetto-per-la-rivalorizzazione-del-prodotto-italiano-autentico\/\"><span style=\"color: #000000;\"><strong>Clicca qui p<\/strong><strong>er sapere di pi\u00f9 su True Italian Taste e sulle attivit\u00e0 che la Camera di Commercio Italiana &#8211; Barcelona intraprende nell&#8217;ambito del Progetto\u00a0<\/strong><\/span><\/a><\/p>\n","protected":false},"excerpt":{"rendered":"<p>Assocamerestero, in collaborazione con la\u00a0Camera di Commercio Industria, Artigianato e Agricoltura di Foggia,\u00a0\u00a0ha presentato a Foggia, tramite una conferenza stampa, \u00a0i primi risultati dell\u2019attivit\u00e0 svolta con il progetto\u00a0\u201cTrue Italian Taste\u201d, finanziato e promosso dal\u00a0Ministero dello Sviluppo Economico\u00a0in collaborazione con\u00a0ICE Agenzia\u00a0nel quadro della \u201cCampagna di Valorizzazione e promozione del prodotto agroalimentare italiano autentico\u201d. \u00a0 L\u2019obiettivo del [&hellip;]<\/p>\n","protected":false},"author":2,"featured_media":23243,"comment_status":"open","ping_status":"closed","sticky":false,"template":"","format":"standard","meta":{"_exactmetrics_skip_tracking":false,"_exactmetrics_sitenote_active":false,"_exactmetrics_sitenote_note":"","_exactmetrics_sitenote_category":0,"ngg_post_thumbnail":0,"footnotes":""},"categories":[11],"tags":[],"class_list":["post-23239","post","type-post","status-publish","format-standard","has-post-thumbnail","hentry","category-non-categorizzato"],"_links":{"self":[{"href":"http:\/\/www.cameraitalianabarcelona.com\/it\/wp-json\/wp\/v2\/posts\/23239","targetHints":{"allow":["GET"]}}],"collection":[{"href":"http:\/\/www.cameraitalianabarcelona.com\/it\/wp-json\/wp\/v2\/posts"}],"about":[{"href":"http:\/\/www.cameraitalianabarcelona.com\/it\/wp-json\/wp\/v2\/types\/post"}],"author":[{"embeddable":true,"href":"http:\/\/www.cameraitalianabarcelona.com\/it\/wp-json\/wp\/v2\/users\/2"}],"replies":[{"embeddable":true,"href":"http:\/\/www.cameraitalianabarcelona.com\/it\/wp-json\/wp\/v2\/comments?post=23239"}],"version-history":[{"count":5,"href":"http:\/\/www.cameraitalianabarcelona.com\/it\/wp-json\/wp\/v2\/posts\/23239\/revisions"}],"predecessor-version":[{"id":23245,"href":"http:\/\/www.cameraitalianabarcelona.com\/it\/wp-json\/wp\/v2\/posts\/23239\/revisions\/23245"}],"wp:featuredmedia":[{"embeddable":true,"href":"http:\/\/www.cameraitalianabarcelona.com\/it\/wp-json\/wp\/v2\/media\/23243"}],"wp:attachment":[{"href":"http:\/\/www.cameraitalianabarcelona.com\/it\/wp-json\/wp\/v2\/media?parent=23239"}],"wp:term":[{"taxonomy":"category","embeddable":true,"href":"http:\/\/www.cameraitalianabarcelona.com\/it\/wp-json\/wp\/v2\/categories?post=23239"},{"taxonomy":"post_tag","embeddable":true,"href":"http:\/\/www.cameraitalianabarcelona.com\/it\/wp-json\/wp\/v2\/tags?post=23239"}],"curies":[{"name":"wp","href":"https:\/\/api.w.org\/{rel}","templated":true}]}}