{"id":23061,"date":"2017-12-22T09:49:22","date_gmt":"2017-12-22T09:49:22","guid":{"rendered":"http:\/\/www.cameraitalianabarcelona.com\/?p=23061\/"},"modified":"2017-12-22T09:49:22","modified_gmt":"2017-12-22T09:49:22","slug":"notizia-festivita","status":"publish","type":"post","link":"http:\/\/www.cameraitalianabarcelona.com\/it\/2017\/12\/notizia-festivita\/","title":{"rendered":"NOTIZIA FESTIVIT\u00c0:"},"content":{"rendered":"<p><a href=\"http:\/\/www.cameraitalianabarcelona.com\/wp-content\/uploads\/2017\/12\/christmas-header-clipart-14.png\"><img loading=\"lazy\" decoding=\"async\" class=\"aligncenter size-full wp-image-23045\" src=\"http:\/\/www.cameraitalianabarcelona.com\/wp-content\/uploads\/2017\/12\/christmas-header-clipart-14.png\" alt=\"\" width=\"1565\" height=\"331\" srcset=\"http:\/\/www.cameraitalianabarcelona.com\/wp-content\/uploads\/2017\/12\/christmas-header-clipart-14.png 1565w, http:\/\/www.cameraitalianabarcelona.com\/wp-content\/uploads\/2017\/12\/christmas-header-clipart-14-300x63.png 300w, http:\/\/www.cameraitalianabarcelona.com\/wp-content\/uploads\/2017\/12\/christmas-header-clipart-14-768x162.png 768w, http:\/\/www.cameraitalianabarcelona.com\/wp-content\/uploads\/2017\/12\/christmas-header-clipart-14-1024x217.png 1024w, http:\/\/www.cameraitalianabarcelona.com\/wp-content\/uploads\/2017\/12\/christmas-header-clipart-14-330x70.png 330w, http:\/\/www.cameraitalianabarcelona.com\/wp-content\/uploads\/2017\/12\/christmas-header-clipart-14-736x156.png 736w, http:\/\/www.cameraitalianabarcelona.com\/wp-content\/uploads\/2017\/12\/christmas-header-clipart-14-1280x271.png 1280w, http:\/\/www.cameraitalianabarcelona.com\/wp-content\/uploads\/2017\/12\/christmas-header-clipart-14-414x88.png 414w\" sizes=\"auto, (max-width: 1565px) 100vw, 1565px\" \/><\/a><\/p>\n<p style=\"text-align: center;\">\n<p style=\"text-align: center;\"><strong><span style=\"color: #000000;\">Carissimi Soci,<\/span><\/strong><\/p>\n<p style=\"text-align: center;\"><strong><span style=\"color: #000000;\">Cari Amici,<\/span><\/strong><\/p>\n<p style=\"text-align: center;\"><strong><span style=\"color: #000000;\">Vi informiamo che la Camera rimarr\u00e0 chiusa dal giorno <span style=\"text-decoration: underline;\">27 Dicembre<\/span> al giorno <span style=\"text-decoration: underline;\">5\u00a0Gennaio<\/span>.<\/span><\/strong><\/p>\n<p style=\"text-align: center;\"><strong><span style=\"color: #000000;\">Vi rinnoviamo i nostri pi\u00f9 cari auguri di <em>Buone Feste e un Felice Anno 2018<\/em>.<\/span><\/strong><\/p>\n<p style=\"text-align: center;\"><strong><span style=\"color: #000000;\">La Camera.<\/span><\/strong><\/p>\n<p style=\"text-align: center;\"><a href=\"http:\/\/www.cameraitalianabarcelona.com\/wp-content\/uploads\/2017\/12\/christmas-header-clipart-14.png\"><img loading=\"lazy\" decoding=\"async\" class=\"aligncenter size-full wp-image-23045\" src=\"http:\/\/www.cameraitalianabarcelona.com\/wp-content\/uploads\/2017\/12\/christmas-header-clipart-14.png\" alt=\"\" width=\"1565\" height=\"331\" srcset=\"http:\/\/www.cameraitalianabarcelona.com\/wp-content\/uploads\/2017\/12\/christmas-header-clipart-14.png 1565w, http:\/\/www.cameraitalianabarcelona.com\/wp-content\/uploads\/2017\/12\/christmas-header-clipart-14-300x63.png 300w, http:\/\/www.cameraitalianabarcelona.com\/wp-content\/uploads\/2017\/12\/christmas-header-clipart-14-768x162.png 768w, http:\/\/www.cameraitalianabarcelona.com\/wp-content\/uploads\/2017\/12\/christmas-header-clipart-14-1024x217.png 1024w, http:\/\/www.cameraitalianabarcelona.com\/wp-content\/uploads\/2017\/12\/christmas-header-clipart-14-330x70.png 330w, http:\/\/www.cameraitalianabarcelona.com\/wp-content\/uploads\/2017\/12\/christmas-header-clipart-14-736x156.png 736w, http:\/\/www.cameraitalianabarcelona.com\/wp-content\/uploads\/2017\/12\/christmas-header-clipart-14-1280x271.png 1280w, http:\/\/www.cameraitalianabarcelona.com\/wp-content\/uploads\/2017\/12\/christmas-header-clipart-14-414x88.png 414w\" sizes=\"auto, (max-width: 1565px) 100vw, 1565px\" \/><\/a><\/p>\n<p style=\"text-align: center;\">\n<p>&nbsp;<\/p>\n<p style=\"text-align: center;\"><strong><span style=\"color: #000000;\">Apreciados Socios,\u00a0<\/span><\/strong><\/p>\n<p style=\"text-align: center;\"><strong><span style=\"color: #000000;\">Queridos Amigos,<\/span><\/strong><\/p>\n<p style=\"text-align: center;\"><strong><span style=\"color: #000000;\">Les informamos que la C\u00e1mara permanecer\u00e1 cerrada desde el d\u00eda <span style=\"text-decoration: underline;\">27 de Diciembre<\/span> hasta el d\u00eda <span style=\"text-decoration: underline;\">5\u00a0de Enero<\/span>.<\/span><\/strong><\/p>\n<p style=\"text-align: center;\"><strong><span style=\"color: #000000;\">Les renovamos nuestros mejores deseos para unas <em>Felices Fiestas y un Pr\u00f3spero A\u00f1o Nuevo<\/em>.<\/span><\/strong><\/p>\n<p style=\"text-align: center;\"><strong><span style=\"color: #000000;\">La C\u00e1mara.<\/span><\/strong><\/p>\n<p>&nbsp;<\/p>\n<p><a href=\"http:\/\/www.cameraitalianabarcelona.com\/wp-content\/uploads\/2017\/12\/ee931ad316b49954a721196b3e46dead.png\"><img loading=\"lazy\" decoding=\"async\" class=\"aligncenter wp-image-23054\" src=\"http:\/\/www.cameraitalianabarcelona.com\/wp-content\/uploads\/2017\/12\/ee931ad316b49954a721196b3e46dead.png\" alt=\"\" width=\"612\" height=\"386\" srcset=\"http:\/\/www.cameraitalianabarcelona.com\/wp-content\/uploads\/2017\/12\/ee931ad316b49954a721196b3e46dead.png 327w, http:\/\/www.cameraitalianabarcelona.com\/wp-content\/uploads\/2017\/12\/ee931ad316b49954a721196b3e46dead-300x189.png 300w\" sizes=\"auto, (max-width: 612px) 100vw, 612px\" \/><\/a><\/p>\n<p>&nbsp;<\/p>\n<p>&nbsp;<\/p>\n","protected":false},"excerpt":{"rendered":"<p>Carissimi Soci, Cari Amici, Vi informiamo che la Camera rimarr\u00e0 chiusa dal giorno 27 Dicembre al giorno 5\u00a0Gennaio. Vi rinnoviamo i nostri pi\u00f9 cari auguri di Buone Feste e un Felice Anno 2018. La Camera. &nbsp; Apreciados Socios,\u00a0 Queridos Amigos, Les informamos que la C\u00e1mara permanecer\u00e1 cerrada desde el d\u00eda 27 de Diciembre hasta el [&hellip;]<\/p>\n","protected":false},"author":2,"featured_media":0,"comment_status":"open","ping_status":"closed","sticky":false,"template":"","format":"standard","meta":{"_exactmetrics_skip_tracking":false,"_exactmetrics_sitenote_active":false,"_exactmetrics_sitenote_note":"","_exactmetrics_sitenote_category":0,"ngg_post_thumbnail":0,"footnotes":""},"categories":[11],"tags":[],"class_list":["post-23061","post","type-post","status-publish","format-standard","hentry","category-non-categorizzato"],"_links":{"self":[{"href":"http:\/\/www.cameraitalianabarcelona.com\/it\/wp-json\/wp\/v2\/posts\/23061","targetHints":{"allow":["GET"]}}],"collection":[{"href":"http:\/\/www.cameraitalianabarcelona.com\/it\/wp-json\/wp\/v2\/posts"}],"about":[{"href":"http:\/\/www.cameraitalianabarcelona.com\/it\/wp-json\/wp\/v2\/types\/post"}],"author":[{"embeddable":true,"href":"http:\/\/www.cameraitalianabarcelona.com\/it\/wp-json\/wp\/v2\/users\/2"}],"replies":[{"embeddable":true,"href":"http:\/\/www.cameraitalianabarcelona.com\/it\/wp-json\/wp\/v2\/comments?post=23061"}],"version-history":[{"count":1,"href":"http:\/\/www.cameraitalianabarcelona.com\/it\/wp-json\/wp\/v2\/posts\/23061\/revisions"}],"predecessor-version":[{"id":23062,"href":"http:\/\/www.cameraitalianabarcelona.com\/it\/wp-json\/wp\/v2\/posts\/23061\/revisions\/23062"}],"wp:attachment":[{"href":"http:\/\/www.cameraitalianabarcelona.com\/it\/wp-json\/wp\/v2\/media?parent=23061"}],"wp:term":[{"taxonomy":"category","embeddable":true,"href":"http:\/\/www.cameraitalianabarcelona.com\/it\/wp-json\/wp\/v2\/categories?post=23061"},{"taxonomy":"post_tag","embeddable":true,"href":"http:\/\/www.cameraitalianabarcelona.com\/it\/wp-json\/wp\/v2\/tags?post=23061"}],"curies":[{"name":"wp","href":"https:\/\/api.w.org\/{rel}","templated":true}]}}